{"id":99629,"date":"2026-04-29T23:56:12","date_gmt":"2026-04-29T20:56:12","guid":{"rendered":"https:\/\/www.egemtv.com\/?p=99629"},"modified":"2026-04-29T23:56:13","modified_gmt":"2026-04-29T20:56:13","slug":"izmirdeki-tir-faciasinin-goruntuleri-ortaya-cikti","status":"publish","type":"post","link":"https:\/\/www.egemtv.com\/?p=99629","title":{"rendered":"\u0130zmir\u2019deki t\u0131r facias\u0131n\u0131n g\u00f6r\u00fcnt\u00fcleri ortaya \u00e7\u0131kt\u0131"},"content":{"rendered":"<p>\u0130zmir\u2019in Bornova il\u00e7esinde 1 polis memurunun \u015fehit d\u00fc\u015ft\u00fc\u011f\u00fc, 2 ki\u015finin hayat\u0131n\u0131 kaybetti\u011fi ve 10 arac\u0131n birbirine girdi\u011fi kazan\u0131n g\u00fcvenlik kameras\u0131 g\u00f6r\u00fcnt\u00fcleri ortaya \u00e7\u0131kt\u0131. G\u00f6r\u00fcnt\u00fclerde, kontrolden \u00e7\u0131kan t\u0131r\u0131n ref\u00fcj\u00fc a\u015farak kar\u015f\u0131 y\u00f6nden gelen ara\u00e7lar\u0131 \u00f6n\u00fcne kat\u0131p s\u00fcr\u00fckledi\u011fi deh\u015fet anlar\u0131 yer ald\u0131.<br \/>\n<br \/>Kaza, saat 16.30 s\u0131ralar\u0131nda Bornova il\u00e7esi Evka-3 sapa\u011f\u0131 57. Top\u00e7u Tugay\u0131 \u00f6n\u00fcnde meydana geldi. Edinilen bilgiye g\u00f6re, 45 KB 8376 plakal\u0131 t\u0131r, s\u00fcr\u00fcc\u00fcs\u00fcn\u00fcn direksiyon hakimiyetini kaybetmesi sonucu kontrolden \u00e7\u0131karak kar\u015f\u0131 \u015feride ge\u00e7ti ve aralar\u0131nda bir polis ekip arac\u0131n\u0131n da bulundu\u011fu 10 araca \u00e7arpt\u0131.<\/p>\n<p>1 polis \u015fehit oldu, toplam 3 can kayb\u0131<br \/>\n<br \/>Ortal\u0131\u011f\u0131n sava\u015f alan\u0131na d\u00f6nd\u00fc\u011f\u00fc kazada, polis ekip arac\u0131nda g\u00f6revli polis memuru Serkan H\u0131zl\u0131 (34) \u015fehit olurken, ayn\u0131 ara\u00e7ta bulunan di\u011fer polis memuru ise a\u011f\u0131r yaraland\u0131. Kazaya neden olan t\u0131r\u0131n s\u00fcr\u00fcc\u00fcs\u00fc ile bir motosiklet s\u00fcr\u00fcc\u00fcs\u00fc olay yerinde hayat\u0131n\u0131 kaybetti. Toplamda 3 ki\u015finin ya\u015fam\u0131n\u0131 yitirdi\u011fi, 4 ki\u015finin de yaraland\u0131\u011f\u0131 feci olayda, yaral\u0131lardan birinin hayati tehlikesinin s\u00fcrd\u00fc\u011f\u00fc \u00f6\u011frenildi.<\/p>\n<p>Fren izine rastlan\u0131lmad\u0131<br \/>\n<br \/>Korkun\u00e7 kazan\u0131n ard\u0131ndan \u0130zmir Cumhuriyet Ba\u015fsavc\u0131l\u0131\u011f\u0131 taraf\u0131ndan ba\u015flat\u0131lan geni\u015f \u00e7apl\u0131 soru\u015fturma s\u00fcr\u00fcyor. Olay yerine g\u00f6revlendirilen 1 Cumhuriyet Ba\u015fsavc\u0131vekili ve 2 Cumhuriyet Savc\u0131s\u0131n\u0131n yapt\u0131\u011f\u0131 ilk tespitlerde, kaza mahallinde t\u0131r\u0131n fren yapt\u0131\u011f\u0131na dair herhangi bir ize rastlanmad\u0131\u011f\u0131 belirtildi. Trafik ve makine m\u00fchendislerinden olu\u015fturulan bilirki\u015fi heyetinin hem olay yerinde hem de kazaya kar\u0131\u015fan ara\u00e7lar \u00fczerindeki teknik incelemeleri devam ederken, t\u0131r\u0131n ta\u015f\u0131d\u0131\u011f\u0131 y\u00fck\u00fcn a\u015f\u0131r\u0131 tonajl\u0131 olup olmad\u0131\u011f\u0131na ili\u015fkin de gerekli ara\u015ft\u0131rmalar\u0131n ba\u015flat\u0131ld\u0131\u011f\u0131 bildirildi.<\/p>\n<p>Deh\u015fet anlar\u0131 kamerada<br \/>\n<br \/>Olay an\u0131 g\u00fcvenlik kameras\u0131na yans\u0131rken, g\u00f6r\u00fcnt\u00fcler kazan\u0131n boyutunu g\u00f6zler \u00f6n\u00fcne serdi. G\u00f6r\u00fcnt\u00fclerde; h\u0131zla ilerleyen t\u0131r\u0131n \u00f6nce kendi istikametindeki ara\u00e7lara \u015fiddetle \u00e7arpt\u0131\u011f\u0131, ard\u0131ndan h\u0131z\u0131n\u0131 alamayarak ref\u00fcj\u00fc a\u015ft\u0131\u011f\u0131 ve kar\u015f\u0131 y\u00f6nden gelen ara\u00e7lar\u0131 adeta \u00f6n\u00fcne katarak s\u00fcr\u00fckledi\u011fi anlar saniye saniye kaydedildi.<br \/>\n<br \/>Olaya ili\u015fkin \u00e7ok y\u00f6nl\u00fc soru\u015fturma s\u00fcr\u00fcyor.<br \/><\/p>\n","protected":false},"excerpt":{"rendered":"<p>\u0130zmir\u2019in Bornova il\u00e7esinde 1 polis memurunun \u015fehit d\u00fc\u015ft\u00fc\u011f\u00fc, 2 ki\u015finin hayat\u0131n\u0131 kaybetti\u011fi ve 10 arac\u0131n birbirine girdi\u011fi kazan\u0131n g\u00fcvenlik kameras\u0131 g\u00f6r\u00fcnt\u00fcleri ortaya \u00e7\u0131kt\u0131. G\u00f6r\u00fcnt\u00fclerde, kontrolden \u00e7\u0131kan t\u0131r\u0131n ref\u00fcj\u00fc a\u015farak kar\u015f\u0131 y\u00f6nden gelen ara\u00e7lar\u0131 \u00f6n\u00fcne kat\u0131p s\u00fcr\u00fckledi\u011fi deh\u015fet anlar\u0131 yer ald\u0131. Kaza, saat 16.30 s\u0131ralar\u0131nda Bornova il\u00e7esi Evka-3 sapa\u011f\u0131 57. Top\u00e7u Tugay\u0131 \u00f6n\u00fcnde meydana geldi. Edinilen&#8230;<\/p>\n","protected":false},"author":1,"featured_media":99630,"comment_status":"open","ping_status":"open","sticky":false,"template":"","format":"standard","meta":{"_crdt_document":"","footnotes":""},"categories":[5],"tags":[],"class_list":["post-99629","post","type-post","status-publish","format-standard","has-post-thumbnail","hentry","category-asayis"],"_links":{"self":[{"href":"https:\/\/www.egemtv.com\/index.php?rest_route=\/wp\/v2\/posts\/99629","targetHints":{"allow":["GET"]}}],"collection":[{"href":"https:\/\/www.egemtv.com\/index.php?rest_route=\/wp\/v2\/posts"}],"about":[{"href":"https:\/\/www.egemtv.com\/index.php?rest_route=\/wp\/v2\/types\/post"}],"author":[{"embeddable":true,"href":"https:\/\/www.egemtv.com\/index.php?rest_route=\/wp\/v2\/users\/1"}],"replies":[{"embeddable":true,"href":"https:\/\/www.egemtv.com\/index.php?rest_route=%2Fwp%2Fv2%2Fcomments&post=99629"}],"version-history":[{"count":1,"href":"https:\/\/www.egemtv.com\/index.php?rest_route=\/wp\/v2\/posts\/99629\/revisions"}],"predecessor-version":[{"id":99631,"href":"https:\/\/www.egemtv.com\/index.php?rest_route=\/wp\/v2\/posts\/99629\/revisions\/99631"}],"wp:featuredmedia":[{"embeddable":true,"href":"https:\/\/www.egemtv.com\/index.php?rest_route=\/wp\/v2\/media\/99630"}],"wp:attachment":[{"href":"https:\/\/www.egemtv.com\/index.php?rest_route=%2Fwp%2Fv2%2Fmedia&parent=99629"}],"wp:term":[{"taxonomy":"category","embeddable":true,"href":"https:\/\/www.egemtv.com\/index.php?rest_route=%2Fwp%2Fv2%2Fcategories&post=99629"},{"taxonomy":"post_tag","embeddable":true,"href":"https:\/\/www.egemtv.com\/index.php?rest_route=%2Fwp%2Fv2%2Ftags&post=99629"}],"curies":[{"name":"wp","href":"https:\/\/api.w.org\/{rel}","templated":true}]}}