{"id":99626,"date":"2026-04-29T21:35:48","date_gmt":"2026-04-29T18:35:48","guid":{"rendered":"https:\/\/www.egemtv.com\/?p=99626"},"modified":"2026-04-29T21:35:50","modified_gmt":"2026-04-29T18:35:50","slug":"bornovadaki-tir-faciasina-iliskin-savciliktan-aciklama-olay-yerinde-fren-izi-yok","status":"publish","type":"post","link":"https:\/\/www.egemtv.com\/?p=99626","title":{"rendered":"Bornova\u2019daki t\u0131r facias\u0131na ili\u015fkin savc\u0131l\u0131ktan a\u00e7\u0131klama: Olay yerinde fren izi yok"},"content":{"rendered":"<p>\u0130zmir\u2019in Bornova il\u00e7esinde 1 polisin \u015fehit oldu\u011fu, 2 ki\u015finin hayat\u0131n\u0131 kaybetti\u011fi 10 ara\u00e7l\u0131 zincirleme trafik kazas\u0131na ili\u015fkin \u0130zmir Cumhuriyet Ba\u015fsavc\u0131l\u0131\u011f\u0131 taraf\u0131ndan yap\u0131lan a\u00e7\u0131klamada, t\u0131r\u0131n yolda fren izine rastlanmad\u0131\u011f\u0131 ve a\u015f\u0131r\u0131 tonaj ihtimali \u00fczerinde duruldu\u011fu belirtildi.<br \/>\n<br \/>Kaza, Bornova il\u00e7esi Evka-3 sapa\u011f\u0131 57. Top\u00e7u Tugay\u0131 \u00f6n\u00fcnde saat 16.30 s\u0131ralar\u0131nda meydana geldi. Edinilen bilgiye g\u00f6re, 45 KB 8376 plakal\u0131 t\u0131r, s\u00fcr\u00fcc\u00fcs\u00fcn\u00fcn kontrol\u00fcnden \u00e7\u0131karak kar\u015f\u0131 \u015feride ge\u00e7ti. Kontrolden \u00e7\u0131kan t\u0131r\u0131n, aralar\u0131nda bir polis ekip arac\u0131n\u0131n da bulundu\u011fu 10 araca \u00e7arpmas\u0131yla zincirleme kaza ya\u015fand\u0131. Kazada ekip arac\u0131nda g\u00f6revli polis memuru Serkan H\u0131zl\u0131 \u015fehit olurken, ayn\u0131 ara\u00e7ta bulunan di\u011fer polis memuru ise a\u011f\u0131r yaraland\u0131. Kazaya neden olan t\u0131r\u0131n s\u00fcr\u00fcc\u00fcs\u00fc ile bir motosiklet s\u00fcr\u00fcc\u00fcs\u00fc de olay yerinde hayat\u0131n\u0131 kaybetti. Toplamda 3 ki\u015finin ya\u015fam\u0131n\u0131 yitirdi\u011fi, 4 ki\u015finin yaraland\u0131\u011f\u0131 kazada, yaral\u0131lardan birinin hayati tehlikesinin bulundu\u011fu ve tedavilerinin s\u00fcrd\u00fc\u011f\u00fc \u00f6\u011frenildi.<\/p>\n<p>&#8220;Fren izine izine rastlan\u0131lmad\u0131&#8221;<br \/>\n<br \/>\u0130zmir Cumhuriyet Ba\u015fsavc\u0131l\u0131\u011f\u0131 taraf\u0131ndan olaya ili\u015fkin soru\u015fturma ba\u015flat\u0131l\u0131rken, g\u00f6revlendirilen 1 Cumhuriyet Ba\u015fsavc\u0131vekili ve 2 Cumhuriyet Savc\u0131s\u0131 olay yerinde incelemelerde bulundu. \u0130zmir Cumhuriyet Ba\u015fsavc\u0131l\u0131\u011f\u0131ndan yap\u0131lan a\u00e7\u0131klamada, ilk tespitlerde kaza mahallinde t\u0131r\u0131n fren yapt\u0131\u011f\u0131na dair herhangi bir iz bulunmad\u0131\u011f\u0131 kaydedildi. Trafik ve makine m\u00fchendislerinden olu\u015fturulan bilirki\u015fi heyetinin hem olay yerinde hem de kazaya kar\u0131\u015fan ara\u00e7lar \u00fczerindeki teknik incelemeleri devam ediyor.<br \/>\n<br \/>\u00d6te yandan, kazaya sebebiyet veren t\u0131r\u0131n ta\u015f\u0131d\u0131\u011f\u0131 y\u00fck\u00fcn a\u015f\u0131r\u0131 tonajl\u0131 olmas\u0131na ili\u015fkin gerekli ara\u015ft\u0131rma ve incelemelerin de ba\u015flat\u0131ld\u0131\u011f\u0131, tahkikat\u0131n \u00e7ok y\u00f6nl\u00fc olarak s\u00fcrd\u00fcr\u00fcld\u00fc\u011f\u00fc bildirildi.<br \/><\/p>\n","protected":false},"excerpt":{"rendered":"<p>\u0130zmir\u2019in Bornova il\u00e7esinde 1 polisin \u015fehit oldu\u011fu, 2 ki\u015finin hayat\u0131n\u0131 kaybetti\u011fi 10 ara\u00e7l\u0131 zincirleme trafik kazas\u0131na ili\u015fkin \u0130zmir Cumhuriyet Ba\u015fsavc\u0131l\u0131\u011f\u0131 taraf\u0131ndan yap\u0131lan a\u00e7\u0131klamada, t\u0131r\u0131n yolda fren izine rastlanmad\u0131\u011f\u0131 ve a\u015f\u0131r\u0131 tonaj ihtimali \u00fczerinde duruldu\u011fu belirtildi. Kaza, Bornova il\u00e7esi Evka-3 sapa\u011f\u0131 57. Top\u00e7u Tugay\u0131 \u00f6n\u00fcnde saat 16.30 s\u0131ralar\u0131nda meydana geldi. Edinilen bilgiye g\u00f6re, 45 KB 8376&#8230;<\/p>\n","protected":false},"author":1,"featured_media":99627,"comment_status":"open","ping_status":"open","sticky":false,"template":"","format":"standard","meta":{"_crdt_document":"","footnotes":""},"categories":[5],"tags":[],"class_list":["post-99626","post","type-post","status-publish","format-standard","has-post-thumbnail","hentry","category-asayis"],"_links":{"self":[{"href":"https:\/\/www.egemtv.com\/index.php?rest_route=\/wp\/v2\/posts\/99626","targetHints":{"allow":["GET"]}}],"collection":[{"href":"https:\/\/www.egemtv.com\/index.php?rest_route=\/wp\/v2\/posts"}],"about":[{"href":"https:\/\/www.egemtv.com\/index.php?rest_route=\/wp\/v2\/types\/post"}],"author":[{"embeddable":true,"href":"https:\/\/www.egemtv.com\/index.php?rest_route=\/wp\/v2\/users\/1"}],"replies":[{"embeddable":true,"href":"https:\/\/www.egemtv.com\/index.php?rest_route=%2Fwp%2Fv2%2Fcomments&post=99626"}],"version-history":[{"count":1,"href":"https:\/\/www.egemtv.com\/index.php?rest_route=\/wp\/v2\/posts\/99626\/revisions"}],"predecessor-version":[{"id":99628,"href":"https:\/\/www.egemtv.com\/index.php?rest_route=\/wp\/v2\/posts\/99626\/revisions\/99628"}],"wp:featuredmedia":[{"embeddable":true,"href":"https:\/\/www.egemtv.com\/index.php?rest_route=\/wp\/v2\/media\/99627"}],"wp:attachment":[{"href":"https:\/\/www.egemtv.com\/index.php?rest_route=%2Fwp%2Fv2%2Fmedia&parent=99626"}],"wp:term":[{"taxonomy":"category","embeddable":true,"href":"https:\/\/www.egemtv.com\/index.php?rest_route=%2Fwp%2Fv2%2Fcategories&post=99626"},{"taxonomy":"post_tag","embeddable":true,"href":"https:\/\/www.egemtv.com\/index.php?rest_route=%2Fwp%2Fv2%2Ftags&post=99626"}],"curies":[{"name":"wp","href":"https:\/\/api.w.org\/{rel}","templated":true}]}}