{"id":99623,"date":"2026-04-29T19:15:47","date_gmt":"2026-04-29T16:15:47","guid":{"rendered":"https:\/\/www.egemtv.com\/?p=99623"},"modified":"2026-04-29T19:15:48","modified_gmt":"2026-04-29T16:15:48","slug":"izmirde-freni-bosalan-tir-10-araca-carpti-1i-polis-3-kisi-hayatini-kaybetti-5-kisi-yaralandi","status":"publish","type":"post","link":"https:\/\/www.egemtv.com\/?p=99623","title":{"rendered":"\u0130zmir\u2019de freni bo\u015falan t\u0131r 10 araca \u00e7arpt\u0131: 1\u2019i polis 3 ki\u015fi hayat\u0131n\u0131 kaybetti, 5 ki\u015fi yaraland\u0131"},"content":{"rendered":"<p>\u0130zmir\u2019in Bornova il\u00e7esinde freni ar\u0131zalanan t\u0131r\u0131n kar\u015f\u0131 \u015feride ge\u00e7erek aralar\u0131nda polis arac\u0131n\u0131n da bulundu\u011fu 10 araca \u00e7arpmas\u0131 sonucu meydana gelen zincirleme trafik kazas\u0131nda 1 polis \u015fehit oldu, 2 ki\u015fi hayat\u0131n\u0131 kaybetti, 5 ki\u015fi yaraland\u0131.<br \/>\n<br \/>Kaza, saat 16.30 s\u0131ralar\u0131nda \u0130stanbul Caddesi Top\u00e7u Tugay\u0131 Lojmanlar\u0131 mevkisinde meydana geldi. Edinilen bilgiye g\u00f6re, Manisa istikametinden \u0130zmir y\u00f6n\u00fcne seyir halinde olan ve ilk belirlemelere g\u00f6re fren ar\u0131zas\u0131 ya\u015fad\u0131\u011f\u0131 de\u011ferlendirilen t\u0131r, s\u00fcr\u00fcc\u00fcs\u00fcn\u00fcn kontrol\u00fcnden \u00e7\u0131karak kar\u015f\u0131 \u015feride ge\u00e7ti. Kontrolden \u00e7\u0131kan t\u0131r, kar\u015f\u0131 y\u00f6nden gelen ve aralar\u0131nda bir g\u00f6revli polis arac\u0131n\u0131n da bulundu\u011fu 10 araca \u00e7arpt\u0131.<\/p>\n<p>1 polis \u015fehit oldu<br \/>\n<br \/>\u0130hbar \u00fczerine b\u00f6lgeye \u00e7ok say\u0131da sa\u011fl\u0131k, itfaiye ve polis ekibi sevk edildi. Sa\u011fl\u0131k ekipleri taraf\u0131ndan yap\u0131lan kontrolde olay yerinde t\u0131r s\u00fcr\u00fcc\u00fcs\u00fc ile 1 ki\u015fi hayat\u0131n\u0131 kaybetti. Hayati tehlikesi bulunan ve a\u011f\u0131r yaral\u0131 olarak hastaneye kald\u0131r\u0131lan polis memurlar\u0131ndan Serkan H\u0131zl\u0131 da yap\u0131lan t\u00fcm m\u00fcdahalelere ra\u011fmen kurtar\u0131lamayarak \u015fehit oldu. Kazada yaralanan 1\u2019i a\u011f\u0131r polis memuru toplam 5 ki\u015finin hastanelerdeki tedavileri s\u00fcr\u00fcyor.<br \/><\/p>\n","protected":false},"excerpt":{"rendered":"<p>\u0130zmir\u2019in Bornova il\u00e7esinde freni ar\u0131zalanan t\u0131r\u0131n kar\u015f\u0131 \u015feride ge\u00e7erek aralar\u0131nda polis arac\u0131n\u0131n da bulundu\u011fu 10 araca \u00e7arpmas\u0131 sonucu meydana gelen zincirleme trafik kazas\u0131nda 1 polis \u015fehit oldu, 2 ki\u015fi hayat\u0131n\u0131 kaybetti, 5 ki\u015fi yaraland\u0131. Kaza, saat 16.30 s\u0131ralar\u0131nda \u0130stanbul Caddesi Top\u00e7u Tugay\u0131 Lojmanlar\u0131 mevkisinde meydana geldi. Edinilen bilgiye g\u00f6re, Manisa istikametinden \u0130zmir y\u00f6n\u00fcne seyir halinde&#8230;<\/p>\n","protected":false},"author":1,"featured_media":99624,"comment_status":"open","ping_status":"open","sticky":false,"template":"","format":"standard","meta":{"_crdt_document":"","footnotes":""},"categories":[5],"tags":[],"class_list":["post-99623","post","type-post","status-publish","format-standard","has-post-thumbnail","hentry","category-asayis"],"_links":{"self":[{"href":"https:\/\/www.egemtv.com\/index.php?rest_route=\/wp\/v2\/posts\/99623","targetHints":{"allow":["GET"]}}],"collection":[{"href":"https:\/\/www.egemtv.com\/index.php?rest_route=\/wp\/v2\/posts"}],"about":[{"href":"https:\/\/www.egemtv.com\/index.php?rest_route=\/wp\/v2\/types\/post"}],"author":[{"embeddable":true,"href":"https:\/\/www.egemtv.com\/index.php?rest_route=\/wp\/v2\/users\/1"}],"replies":[{"embeddable":true,"href":"https:\/\/www.egemtv.com\/index.php?rest_route=%2Fwp%2Fv2%2Fcomments&post=99623"}],"version-history":[{"count":1,"href":"https:\/\/www.egemtv.com\/index.php?rest_route=\/wp\/v2\/posts\/99623\/revisions"}],"predecessor-version":[{"id":99625,"href":"https:\/\/www.egemtv.com\/index.php?rest_route=\/wp\/v2\/posts\/99623\/revisions\/99625"}],"wp:featuredmedia":[{"embeddable":true,"href":"https:\/\/www.egemtv.com\/index.php?rest_route=\/wp\/v2\/media\/99624"}],"wp:attachment":[{"href":"https:\/\/www.egemtv.com\/index.php?rest_route=%2Fwp%2Fv2%2Fmedia&parent=99623"}],"wp:term":[{"taxonomy":"category","embeddable":true,"href":"https:\/\/www.egemtv.com\/index.php?rest_route=%2Fwp%2Fv2%2Fcategories&post=99623"},{"taxonomy":"post_tag","embeddable":true,"href":"https:\/\/www.egemtv.com\/index.php?rest_route=%2Fwp%2Fv2%2Ftags&post=99623"}],"curies":[{"name":"wp","href":"https:\/\/api.w.org\/{rel}","templated":true}]}}