{"id":99620,"date":"2026-04-29T18:40:41","date_gmt":"2026-04-29T15:40:41","guid":{"rendered":"https:\/\/www.egemtv.com\/?p=99620"},"modified":"2026-04-29T18:40:43","modified_gmt":"2026-04-29T15:40:43","slug":"kusadasi-mhpde-tasdemir-donemi","status":"publish","type":"post","link":"https:\/\/www.egemtv.com\/?p=99620","title":{"rendered":"Ku\u015fadas\u0131 MHP\u2019de Ta\u015fdemir d\u00f6nemi"},"content":{"rendered":"<p>Milliyet\u00e7i Hareket Partisi (MHP) Ku\u015fadas\u0131 \u0130l\u00e7e Te\u015fkilat\u0131\u2019nda beklenen atama ger\u00e7ekle\u015fti. Ge\u00e7ti\u011fimiz ay il\u00e7e ba\u015fkanl\u0131\u011f\u0131 g\u00f6revinden istifa eden Murat \u0130nan\u2019\u0131n ard\u0131ndan, genel merkez taraf\u0131ndan yetki belgesi Burakhan Ta\u015fdemir\u2019e tevdi edildi.<br \/>\n<br \/>MHP Genel Ba\u015fkan\u0131 Devlet Bah\u00e7eli ve Te\u015fkilat \u0130\u015flerinden Sorumlu Genel Ba\u015fkan Yard\u0131mc\u0131s\u0131 E. Semih Yal\u00e7\u0131n\u2019\u0131n imzas\u0131yla yay\u0131nlanan yetki belgesinde, t\u00fcz\u00fc\u011f\u00fcn ilgili maddeleri uyar\u0131nca Ku\u015fadas\u0131 \u0130l\u00e7e Kurucu Y\u00f6netim Kurulu\u2019nun Burakhan Ta\u015fdemir ba\u015fkanl\u0131\u011f\u0131nda olu\u015fturulmas\u0131n\u0131n uygun g\u00f6r\u00fcld\u00fc\u011f\u00fc belirtildi.<br \/>\n<br \/>Yeni Y\u00f6netim kurulu belirlendi<br \/>\n<br \/>Burakhan Ta\u015fdemir ba\u015fkanl\u0131\u011f\u0131ndaki yeni y\u00f6netim listesinde \u015fu isimler yer al\u0131yor:<br \/>\n<br \/>Erol Vatansever, Fatih Karakan, Mehmet \u015eenol, Hasan Kunduz, G\u00f6ksel Mor, Selahattin Sar\u0131da\u011f, Hidayet Yanar, Setenay Olcay Kara, Fahriye Acun \u00d6\u011fren, Lale Fak\u00e7\u0131, Ebru Y\u0131lmaz, Tu\u011f\u00e7e Karaman, Nurten \u00d6lmez, Ali \u00d6zdemir, \u0130smet Ma\u011fden, Adem Apayd\u0131n, R\u00fc\u015ft\u00fc G\u00f6kta\u015f, Sinan \u00c7elik, \u00d6mer Sara\u00e7, Suat Sara\u00e7, Emre Mersin, Ak\u0131n Akda\u015f, Kemal Demirkaya, Mesut Ulu\u011f, Mustafa G\u00fcle\u015fgenol, Ali \u00c7akar, Hakan Yaz\u0131c\u0131, Bayram Karadavut, \u0130tris Onay, Ferudun Tiya, Murat Ertan, \u0130smet Turan, Murat Bayrak, Osman Kibaro\u011flu, Batuhan Ak\u0131n, Co\u015fkun \u00d6nd\u00fcl, Alper \u0130stank\u00f6yl\u00fc, G\u00fclseren Tokdemir, Mustafa Do\u011fan, Sebahattin Aky\u00fcz, Arda Yal\u00e7\u0131n.<br \/>\n<br \/>Ku\u015fadas\u0131 siyasetinde hareketli bir d\u00f6nemin kap\u0131lar\u0131n\u0131 aralayan bu atama ile birlikte, yeni y\u00f6netimin \u00f6n\u00fcm\u00fczdeki g\u00fcnlerde resmi g\u00f6rev da\u011f\u0131l\u0131m\u0131n\u0131 yaparak saha \u00e7al\u0131\u015fmalar\u0131na ba\u015flamas\u0131 bekleniyor<br \/><\/p>\n","protected":false},"excerpt":{"rendered":"<p>Milliyet\u00e7i Hareket Partisi (MHP) Ku\u015fadas\u0131 \u0130l\u00e7e Te\u015fkilat\u0131\u2019nda beklenen atama ger\u00e7ekle\u015fti. Ge\u00e7ti\u011fimiz ay il\u00e7e ba\u015fkanl\u0131\u011f\u0131 g\u00f6revinden istifa eden Murat \u0130nan\u2019\u0131n ard\u0131ndan, genel merkez taraf\u0131ndan yetki belgesi Burakhan Ta\u015fdemir\u2019e tevdi edildi. MHP Genel Ba\u015fkan\u0131 Devlet Bah\u00e7eli ve Te\u015fkilat \u0130\u015flerinden Sorumlu Genel Ba\u015fkan Yard\u0131mc\u0131s\u0131 E. Semih Yal\u00e7\u0131n\u2019\u0131n imzas\u0131yla yay\u0131nlanan yetki belgesinde, t\u00fcz\u00fc\u011f\u00fcn ilgili maddeleri uyar\u0131nca Ku\u015fadas\u0131 \u0130l\u00e7e Kurucu&#8230;<\/p>\n","protected":false},"author":1,"featured_media":99621,"comment_status":"open","ping_status":"open","sticky":false,"template":"","format":"standard","meta":{"_crdt_document":"","footnotes":""},"categories":[127],"tags":[],"class_list":["post-99620","post","type-post","status-publish","format-standard","has-post-thumbnail","hentry","category-siyaset"],"_links":{"self":[{"href":"https:\/\/www.egemtv.com\/index.php?rest_route=\/wp\/v2\/posts\/99620","targetHints":{"allow":["GET"]}}],"collection":[{"href":"https:\/\/www.egemtv.com\/index.php?rest_route=\/wp\/v2\/posts"}],"about":[{"href":"https:\/\/www.egemtv.com\/index.php?rest_route=\/wp\/v2\/types\/post"}],"author":[{"embeddable":true,"href":"https:\/\/www.egemtv.com\/index.php?rest_route=\/wp\/v2\/users\/1"}],"replies":[{"embeddable":true,"href":"https:\/\/www.egemtv.com\/index.php?rest_route=%2Fwp%2Fv2%2Fcomments&post=99620"}],"version-history":[{"count":1,"href":"https:\/\/www.egemtv.com\/index.php?rest_route=\/wp\/v2\/posts\/99620\/revisions"}],"predecessor-version":[{"id":99622,"href":"https:\/\/www.egemtv.com\/index.php?rest_route=\/wp\/v2\/posts\/99620\/revisions\/99622"}],"wp:featuredmedia":[{"embeddable":true,"href":"https:\/\/www.egemtv.com\/index.php?rest_route=\/wp\/v2\/media\/99621"}],"wp:attachment":[{"href":"https:\/\/www.egemtv.com\/index.php?rest_route=%2Fwp%2Fv2%2Fmedia&parent=99620"}],"wp:term":[{"taxonomy":"category","embeddable":true,"href":"https:\/\/www.egemtv.com\/index.php?rest_route=%2Fwp%2Fv2%2Fcategories&post=99620"},{"taxonomy":"post_tag","embeddable":true,"href":"https:\/\/www.egemtv.com\/index.php?rest_route=%2Fwp%2Fv2%2Ftags&post=99620"}],"curies":[{"name":"wp","href":"https:\/\/api.w.org\/{rel}","templated":true}]}}