{"id":99614,"date":"2026-04-29T18:40:38","date_gmt":"2026-04-29T15:40:38","guid":{"rendered":"https:\/\/www.egemtv.com\/?p=99614"},"modified":"2026-04-29T18:40:39","modified_gmt":"2026-04-29T15:40:39","slug":"namaz-icin-uyandi-oglunu-banyoda-olu-buldu","status":"publish","type":"post","link":"https:\/\/www.egemtv.com\/?p=99614","title":{"rendered":"Namaz i\u00e7in uyand\u0131, o\u011flunu banyoda \u00f6l\u00fc buldu"},"content":{"rendered":"<p>Manisa\u2019n\u0131n Ala\u015fehir il\u00e7esinde babas\u0131yla ya\u015fayan bir ki\u015fi, evin banyosunda hareketsiz halde bulundu. Namaz vakti i\u00e7in kurdu\u011fu alarm\u0131n \u00e7almas\u0131yla uyanan baba, banyoda o\u011flunun cans\u0131z bedeniyle kar\u015f\u0131la\u015ft\u0131.<br \/>\n<br \/>Olay, saat 15.00 s\u0131ralar\u0131nda \u0130stasyon Mahallesi Tren Yolu Sokak\u2019ta bulunan iki katl\u0131 bir evde meydana geldi. Babas\u0131 \u0130.M. (80) ile birlikte ya\u015fayan Halil Metingider (44), iddiaya g\u00f6re babas\u0131 uyudu\u011fu s\u0131rada y\u0131kanmak i\u00e7in banyoya girdi.<br \/>\n<br \/>Namaz vakti i\u00e7in kurdu\u011fu saatin \u00e7almas\u0131yla uyanan baba \u0130.M., abdest almak amac\u0131yla banyoya gitti\u011finde o\u011flunu yerde hareketsiz halde buldu. O\u011flunu kald\u0131rmaya \u00e7al\u0131\u015fan baba ba\u015far\u0131l\u0131 olamay\u0131nca durumu 112 Acil \u00c7a\u011fr\u0131 Merkezi\u2019ne bildirdi.<br \/>\n<br \/>\u0130hbar \u00fczerine olay yerine sa\u011fl\u0131k ve polis ekipleri sevk edildi. Sa\u011fl\u0131k ekiplerinin yapt\u0131\u011f\u0131 kontrolde Halil Metingider\u2019in hayat\u0131n\u0131 kaybetti\u011fi belirlendi.<br \/>\n<br \/>Cumhuriyet savc\u0131s\u0131n\u0131n olay yerindeki incelemesinin ard\u0131ndan Metingider\u2019in cenazesi, kesin \u00f6l\u00fcm nedeninin belirlenmesi amac\u0131yla Ala\u015fehir Devlet Hastanesi morguna kald\u0131r\u0131ld\u0131ktan sonra \u0130zmir Adli T\u0131p Kurumu\u2019na g\u00f6nderildi.<br \/>\n<br \/>Baba \u0130.M., ifadesinde, &#8220;Evde beraberdik. Ben uyudum. Namaz vakti i\u00e7in saat kurmu\u015ftum. Saat \u00e7al\u0131nca abdest almak i\u00e7in banyoya gittim. O\u011flumu yerde yatarken g\u00f6rd\u00fcm. Kald\u0131rmaya \u00e7al\u0131\u015ft\u0131m ama kald\u0131ramad\u0131m, sonra sa\u011fl\u0131k ekiplerini \u00e7a\u011f\u0131rd\u0131m. Herhangi bir sorunumuz yoktu&#8221; dedi.<br \/>\n<br \/>Olayla ilgili soru\u015fturma ba\u015flat\u0131ld\u0131.<br \/><\/p>\n","protected":false},"excerpt":{"rendered":"<p>Manisa\u2019n\u0131n Ala\u015fehir il\u00e7esinde babas\u0131yla ya\u015fayan bir ki\u015fi, evin banyosunda hareketsiz halde bulundu. Namaz vakti i\u00e7in kurdu\u011fu alarm\u0131n \u00e7almas\u0131yla uyanan baba, banyoda o\u011flunun cans\u0131z bedeniyle kar\u015f\u0131la\u015ft\u0131. Olay, saat 15.00 s\u0131ralar\u0131nda \u0130stasyon Mahallesi Tren Yolu Sokak\u2019ta bulunan iki katl\u0131 bir evde meydana geldi. Babas\u0131 \u0130.M. (80) ile birlikte ya\u015fayan Halil Metingider (44), iddiaya g\u00f6re babas\u0131 uyudu\u011fu s\u0131rada&#8230;<\/p>\n","protected":false},"author":1,"featured_media":99615,"comment_status":"open","ping_status":"open","sticky":false,"template":"","format":"standard","meta":{"_crdt_document":"","footnotes":""},"categories":[5],"tags":[],"class_list":["post-99614","post","type-post","status-publish","format-standard","has-post-thumbnail","hentry","category-asayis"],"_links":{"self":[{"href":"https:\/\/www.egemtv.com\/index.php?rest_route=\/wp\/v2\/posts\/99614","targetHints":{"allow":["GET"]}}],"collection":[{"href":"https:\/\/www.egemtv.com\/index.php?rest_route=\/wp\/v2\/posts"}],"about":[{"href":"https:\/\/www.egemtv.com\/index.php?rest_route=\/wp\/v2\/types\/post"}],"author":[{"embeddable":true,"href":"https:\/\/www.egemtv.com\/index.php?rest_route=\/wp\/v2\/users\/1"}],"replies":[{"embeddable":true,"href":"https:\/\/www.egemtv.com\/index.php?rest_route=%2Fwp%2Fv2%2Fcomments&post=99614"}],"version-history":[{"count":1,"href":"https:\/\/www.egemtv.com\/index.php?rest_route=\/wp\/v2\/posts\/99614\/revisions"}],"predecessor-version":[{"id":99616,"href":"https:\/\/www.egemtv.com\/index.php?rest_route=\/wp\/v2\/posts\/99614\/revisions\/99616"}],"wp:featuredmedia":[{"embeddable":true,"href":"https:\/\/www.egemtv.com\/index.php?rest_route=\/wp\/v2\/media\/99615"}],"wp:attachment":[{"href":"https:\/\/www.egemtv.com\/index.php?rest_route=%2Fwp%2Fv2%2Fmedia&parent=99614"}],"wp:term":[{"taxonomy":"category","embeddable":true,"href":"https:\/\/www.egemtv.com\/index.php?rest_route=%2Fwp%2Fv2%2Fcategories&post=99614"},{"taxonomy":"post_tag","embeddable":true,"href":"https:\/\/www.egemtv.com\/index.php?rest_route=%2Fwp%2Fv2%2Ftags&post=99614"}],"curies":[{"name":"wp","href":"https:\/\/api.w.org\/{rel}","templated":true}]}}