{"id":99608,"date":"2026-04-29T18:05:57","date_gmt":"2026-04-29T15:05:57","guid":{"rendered":"https:\/\/www.egemtv.com\/?p=99608"},"modified":"2026-04-29T18:05:58","modified_gmt":"2026-04-29T15:05:58","slug":"mugla-cuma-gununden-itibaren-yagisli-havanin-etkisine-girecek","status":"publish","type":"post","link":"https:\/\/www.egemtv.com\/?p=99608","title":{"rendered":"Mu\u011fla, Cuma g\u00fcn\u00fcnden itibaren ya\u011f\u0131\u015fl\u0131 havan\u0131n etkisine girecek"},"content":{"rendered":"<p>Meteoroloji 4. B\u00f6lge M\u00fcd\u00fcrl\u00fc\u011f\u00fc B\u00f6lge Tahmin ve Uyar\u0131 Merkezinden yap\u0131lan uyar\u0131da, Cuma g\u00fcn\u00fcnden itibaren Mu\u011fla b\u00f6glesinin ya\u011f\u0131\u015fl\u0131 havan\u0131n etkisi alt\u0131na girece\u011fi a\u00e7\u0131kland\u0131.<br \/>\n<br \/>Yap\u0131lan uyar\u0131da, &#8220;B\u00f6lgemizin 1 May\u0131s 2026 Cuma g\u00fcn\u00fcnden itibaren, bat\u0131 kesimlerden ba\u015flayarak ya\u011f\u0131\u015fl\u0131 ve serin havan\u0131n etkisi alt\u0131na girece\u011fi tahmin ediliyor. Halen mevsim normalleri civar\u0131nda, yer yer \u00fczerinde seyreden hava s\u0131cakl\u0131klar\u0131n\u0131n hissedilir derecede azalarak \u00f6n\u00fcm\u00fczdeki hafta ortas\u0131na kadar mevsim normallerinin alt\u0131na d\u00fc\u015fece\u011fi tahmin ediliyor. S\u0131cakl\u0131klardaki d\u00fc\u015f\u00fc\u015fe ba\u011fl\u0131 olarak, \u00f6zellikle i\u00e7 kesimlerin y\u00fckseklerinde buzlanma ve don hadiselerinin g\u00f6r\u00fclmesi beklenmektedir.<br \/>\n<br \/>Ya\u011f\u0131\u015flar\u0131n genel olarak sa\u011fanak ve g\u00f6k g\u00fcr\u00fclt\u00fcl\u00fc sa\u011fanak \u015feklinde, y\u00fcksek kesimlerde ise ya\u011fmur ve karla kar\u0131\u015f\u0131k ya\u011fmur \u015feklinde olaca\u011f\u0131 tahmin edilmektedir&#8221; denildi.<br \/><\/p>\n","protected":false},"excerpt":{"rendered":"<p>Meteoroloji 4. B\u00f6lge M\u00fcd\u00fcrl\u00fc\u011f\u00fc B\u00f6lge Tahmin ve Uyar\u0131 Merkezinden yap\u0131lan uyar\u0131da, Cuma g\u00fcn\u00fcnden itibaren Mu\u011fla b\u00f6glesinin ya\u011f\u0131\u015fl\u0131 havan\u0131n etkisi alt\u0131na girece\u011fi a\u00e7\u0131kland\u0131. Yap\u0131lan uyar\u0131da, &#8220;B\u00f6lgemizin 1 May\u0131s 2026 Cuma g\u00fcn\u00fcnden itibaren, bat\u0131 kesimlerden ba\u015flayarak ya\u011f\u0131\u015fl\u0131 ve serin havan\u0131n etkisi alt\u0131na girece\u011fi tahmin ediliyor. Halen mevsim normalleri civar\u0131nda, yer yer \u00fczerinde seyreden hava s\u0131cakl\u0131klar\u0131n\u0131n hissedilir derecede&#8230;<\/p>\n","protected":false},"author":1,"featured_media":99609,"comment_status":"open","ping_status":"open","sticky":false,"template":"","format":"standard","meta":{"_crdt_document":"","footnotes":""},"categories":[1],"tags":[],"class_list":["post-99608","post","type-post","status-publish","format-standard","has-post-thumbnail","hentry","category-guncel"],"_links":{"self":[{"href":"https:\/\/www.egemtv.com\/index.php?rest_route=\/wp\/v2\/posts\/99608","targetHints":{"allow":["GET"]}}],"collection":[{"href":"https:\/\/www.egemtv.com\/index.php?rest_route=\/wp\/v2\/posts"}],"about":[{"href":"https:\/\/www.egemtv.com\/index.php?rest_route=\/wp\/v2\/types\/post"}],"author":[{"embeddable":true,"href":"https:\/\/www.egemtv.com\/index.php?rest_route=\/wp\/v2\/users\/1"}],"replies":[{"embeddable":true,"href":"https:\/\/www.egemtv.com\/index.php?rest_route=%2Fwp%2Fv2%2Fcomments&post=99608"}],"version-history":[{"count":1,"href":"https:\/\/www.egemtv.com\/index.php?rest_route=\/wp\/v2\/posts\/99608\/revisions"}],"predecessor-version":[{"id":99610,"href":"https:\/\/www.egemtv.com\/index.php?rest_route=\/wp\/v2\/posts\/99608\/revisions\/99610"}],"wp:featuredmedia":[{"embeddable":true,"href":"https:\/\/www.egemtv.com\/index.php?rest_route=\/wp\/v2\/media\/99609"}],"wp:attachment":[{"href":"https:\/\/www.egemtv.com\/index.php?rest_route=%2Fwp%2Fv2%2Fmedia&parent=99608"}],"wp:term":[{"taxonomy":"category","embeddable":true,"href":"https:\/\/www.egemtv.com\/index.php?rest_route=%2Fwp%2Fv2%2Fcategories&post=99608"},{"taxonomy":"post_tag","embeddable":true,"href":"https:\/\/www.egemtv.com\/index.php?rest_route=%2Fwp%2Fv2%2Ftags&post=99608"}],"curies":[{"name":"wp","href":"https:\/\/api.w.org\/{rel}","templated":true}]}}