{"id":99605,"date":"2026-04-29T18:05:55","date_gmt":"2026-04-29T15:05:55","guid":{"rendered":"https:\/\/www.egemtv.com\/?p=99605"},"modified":"2026-04-29T18:05:56","modified_gmt":"2026-04-29T15:05:56","slug":"bornovada-freni-patlayan-tir-karsi-seride-gecti-olu-ve-yaralilar-var","status":"publish","type":"post","link":"https:\/\/www.egemtv.com\/?p=99605","title":{"rendered":"Bornova\u2019da freni patlayan t\u0131r kar\u015f\u0131 \u015feride ge\u00e7ti: \u00d6l\u00fc ve yaral\u0131lar var"},"content":{"rendered":"<p>\u0130zmir\u2019in Bornova il\u00e7esinde freni patlayan t\u0131r kar\u015f\u0131 \u015feride ge\u00e7erek aralar\u0131nda polis arac\u0131n\u0131n da bulundu\u011fu ara\u00e7lara \u00e7arpt\u0131. Kazada \u00f6l\u00fc ve yaral\u0131lar\u0131n oldu\u011fu bildirildi.<br \/>\n<br \/>Kaza, Manisa istikametinden Bornova y\u00f6n\u00fcne seyir halinde olan t\u0131r\u0131n freninin patlamas\u0131yla meydana geldi. Kontrolden \u00e7\u0131kan t\u0131r\u0131n ref\u00fcj\u00fc a\u015farak kar\u015f\u0131 \u015feride ge\u00e7mesi ve gelen ara\u00e7lara \u00e7arpt\u0131. \u0130hbar \u00fczerine b\u00f6lgeye \u00e7ok say\u0131da polis, sa\u011fl\u0131k ve itfaiye ekibi sevk edildi. Meydana gelen zincirleme kazada \u00f6l\u00fc ve yaral\u0131lar\u0131n oldu\u011fu \u00f6\u011frenilirken, b\u00f6lgeye ula\u015fan ekiplerin \u00e7al\u0131\u015fmalar\u0131 devam ediyor. Polis ekipleri \u00e7evrede g\u00fcvenlik \u00f6nlemi al\u0131rken, sa\u011fl\u0131k ekiplerinin m\u00fcdahalesi ve olayla ilgili incelemeler s\u00fcr\u00fcyor.<br \/><\/p>\n","protected":false},"excerpt":{"rendered":"<p>\u0130zmir\u2019in Bornova il\u00e7esinde freni patlayan t\u0131r kar\u015f\u0131 \u015feride ge\u00e7erek aralar\u0131nda polis arac\u0131n\u0131n da bulundu\u011fu ara\u00e7lara \u00e7arpt\u0131. Kazada \u00f6l\u00fc ve yaral\u0131lar\u0131n oldu\u011fu bildirildi. Kaza, Manisa istikametinden Bornova y\u00f6n\u00fcne seyir halinde olan t\u0131r\u0131n freninin patlamas\u0131yla meydana geldi. Kontrolden \u00e7\u0131kan t\u0131r\u0131n ref\u00fcj\u00fc a\u015farak kar\u015f\u0131 \u015feride ge\u00e7mesi ve gelen ara\u00e7lara \u00e7arpt\u0131. \u0130hbar \u00fczerine b\u00f6lgeye \u00e7ok say\u0131da polis, sa\u011fl\u0131k ve&#8230;<\/p>\n","protected":false},"author":1,"featured_media":99606,"comment_status":"open","ping_status":"open","sticky":false,"template":"","format":"standard","meta":{"_crdt_document":"","footnotes":""},"categories":[5],"tags":[],"class_list":["post-99605","post","type-post","status-publish","format-standard","has-post-thumbnail","hentry","category-asayis"],"_links":{"self":[{"href":"https:\/\/www.egemtv.com\/index.php?rest_route=\/wp\/v2\/posts\/99605","targetHints":{"allow":["GET"]}}],"collection":[{"href":"https:\/\/www.egemtv.com\/index.php?rest_route=\/wp\/v2\/posts"}],"about":[{"href":"https:\/\/www.egemtv.com\/index.php?rest_route=\/wp\/v2\/types\/post"}],"author":[{"embeddable":true,"href":"https:\/\/www.egemtv.com\/index.php?rest_route=\/wp\/v2\/users\/1"}],"replies":[{"embeddable":true,"href":"https:\/\/www.egemtv.com\/index.php?rest_route=%2Fwp%2Fv2%2Fcomments&post=99605"}],"version-history":[{"count":1,"href":"https:\/\/www.egemtv.com\/index.php?rest_route=\/wp\/v2\/posts\/99605\/revisions"}],"predecessor-version":[{"id":99607,"href":"https:\/\/www.egemtv.com\/index.php?rest_route=\/wp\/v2\/posts\/99605\/revisions\/99607"}],"wp:featuredmedia":[{"embeddable":true,"href":"https:\/\/www.egemtv.com\/index.php?rest_route=\/wp\/v2\/media\/99606"}],"wp:attachment":[{"href":"https:\/\/www.egemtv.com\/index.php?rest_route=%2Fwp%2Fv2%2Fmedia&parent=99605"}],"wp:term":[{"taxonomy":"category","embeddable":true,"href":"https:\/\/www.egemtv.com\/index.php?rest_route=%2Fwp%2Fv2%2Fcategories&post=99605"},{"taxonomy":"post_tag","embeddable":true,"href":"https:\/\/www.egemtv.com\/index.php?rest_route=%2Fwp%2Fv2%2Ftags&post=99605"}],"curies":[{"name":"wp","href":"https:\/\/api.w.org\/{rel}","templated":true}]}}