{"id":99602,"date":"2026-04-29T17:30:36","date_gmt":"2026-04-29T14:30:36","guid":{"rendered":"https:\/\/www.egemtv.com\/?p=99602"},"modified":"2026-04-29T17:30:37","modified_gmt":"2026-04-29T14:30:37","slug":"datcada-park-halindeki-araca-carpan-motosiklet-surucusu-yaralandi","status":"publish","type":"post","link":"https:\/\/www.egemtv.com\/?p=99602","title":{"rendered":"Dat\u00e7a\u2019da park halindeki araca \u00e7arpan motosiklet s\u00fcr\u00fcc\u00fcs\u00fc yaraland\u0131"},"content":{"rendered":"<p>Mu\u011fla\u2019n\u0131n Dat\u00e7a il\u00e7esinde sollama s\u0131ras\u0131nda park halindeki araca \u00e7arp\u0131p savrulan motosiklet s\u00fcr\u00fcc\u00fcs\u00fc yaraland\u0131.<br \/>\n<br \/>Kaza, Kaz\u0131m Y\u0131lmaz Bulvar\u0131 \u00fczerinde saat 11.00 s\u0131ralar\u0131nda meydana geldi. Edinilen bilgiye g\u00f6re, yolcu otob\u00fcs\u00fcn\u00fc sollayan 77 ADT 719 plakal\u0131 motosiklet s\u00fcr\u00fcc\u00fcs\u00fc direksiyon hakimiyetini kaybederek yol kenar\u0131nda park halindeki A.Y.\u2019ye ait 09 ABH 090 plakal\u0131 otomobile \u00e7arpt\u0131. \u00c7arpman\u0131n etkisiyle motosikletten d\u00fc\u015fen s\u00fcr\u00fcc\u00fc yaraland\u0131. \u00c7evredeki vatanda\u015flar\u0131n ihbar\u0131 \u00fczerine olay yerine sa\u011fl\u0131k ve polis ekipleri sevk edildi. Sa\u011fl\u0131k ekipleri yaral\u0131 motosiklet s\u00fcr\u00fcc\u00fcs\u00fcne ilk m\u00fcdahaleyi yaparak ambulansla Dat\u00e7a Devlet Hastanesi\u2019ne kald\u0131rd\u0131. Kaza an\u0131 ise \u00e7evredeki bir i\u015f yerinin g\u00fcvenlik kameras\u0131nca kaydedildi. G\u00f6r\u00fcnt\u00fclerde motosiklet s\u00fcr\u00fcc\u00fcs\u00fcn\u00fcn sollama s\u0131ras\u0131nda park halindeki araca \u00e7arpmas\u0131 ve savrulma anlar\u0131 yer ald\u0131.<br \/>\n<br \/>Kazayla ilgili soru\u015fturma s\u00fcr\u00fcyor.<br \/><\/p>\n","protected":false},"excerpt":{"rendered":"<p>Mu\u011fla\u2019n\u0131n Dat\u00e7a il\u00e7esinde sollama s\u0131ras\u0131nda park halindeki araca \u00e7arp\u0131p savrulan motosiklet s\u00fcr\u00fcc\u00fcs\u00fc yaraland\u0131. Kaza, Kaz\u0131m Y\u0131lmaz Bulvar\u0131 \u00fczerinde saat 11.00 s\u0131ralar\u0131nda meydana geldi. Edinilen bilgiye g\u00f6re, yolcu otob\u00fcs\u00fcn\u00fc sollayan 77 ADT 719 plakal\u0131 motosiklet s\u00fcr\u00fcc\u00fcs\u00fc direksiyon hakimiyetini kaybederek yol kenar\u0131nda park halindeki A.Y.\u2019ye ait 09 ABH 090 plakal\u0131 otomobile \u00e7arpt\u0131. \u00c7arpman\u0131n etkisiyle motosikletten d\u00fc\u015fen s\u00fcr\u00fcc\u00fc&#8230;<\/p>\n","protected":false},"author":1,"featured_media":99603,"comment_status":"open","ping_status":"open","sticky":false,"template":"","format":"standard","meta":{"_crdt_document":"","footnotes":""},"categories":[5],"tags":[],"class_list":["post-99602","post","type-post","status-publish","format-standard","has-post-thumbnail","hentry","category-asayis"],"_links":{"self":[{"href":"https:\/\/www.egemtv.com\/index.php?rest_route=\/wp\/v2\/posts\/99602","targetHints":{"allow":["GET"]}}],"collection":[{"href":"https:\/\/www.egemtv.com\/index.php?rest_route=\/wp\/v2\/posts"}],"about":[{"href":"https:\/\/www.egemtv.com\/index.php?rest_route=\/wp\/v2\/types\/post"}],"author":[{"embeddable":true,"href":"https:\/\/www.egemtv.com\/index.php?rest_route=\/wp\/v2\/users\/1"}],"replies":[{"embeddable":true,"href":"https:\/\/www.egemtv.com\/index.php?rest_route=%2Fwp%2Fv2%2Fcomments&post=99602"}],"version-history":[{"count":1,"href":"https:\/\/www.egemtv.com\/index.php?rest_route=\/wp\/v2\/posts\/99602\/revisions"}],"predecessor-version":[{"id":99604,"href":"https:\/\/www.egemtv.com\/index.php?rest_route=\/wp\/v2\/posts\/99602\/revisions\/99604"}],"wp:featuredmedia":[{"embeddable":true,"href":"https:\/\/www.egemtv.com\/index.php?rest_route=\/wp\/v2\/media\/99603"}],"wp:attachment":[{"href":"https:\/\/www.egemtv.com\/index.php?rest_route=%2Fwp%2Fv2%2Fmedia&parent=99602"}],"wp:term":[{"taxonomy":"category","embeddable":true,"href":"https:\/\/www.egemtv.com\/index.php?rest_route=%2Fwp%2Fv2%2Fcategories&post=99602"},{"taxonomy":"post_tag","embeddable":true,"href":"https:\/\/www.egemtv.com\/index.php?rest_route=%2Fwp%2Fv2%2Ftags&post=99602"}],"curies":[{"name":"wp","href":"https:\/\/api.w.org\/{rel}","templated":true}]}}