{"id":99599,"date":"2026-04-29T16:55:56","date_gmt":"2026-04-29T13:55:56","guid":{"rendered":"https:\/\/www.egemtv.com\/?p=99599"},"modified":"2026-04-29T16:56:00","modified_gmt":"2026-04-29T13:56:00","slug":"bodrumda-eymen-icin-soyle-yardim-konseri-gerceklesti","status":"publish","type":"post","link":"https:\/\/www.egemtv.com\/?p=99599","title":{"rendered":"Bodrum\u2019da Eymen \u0130\u00e7in S\u00f6yle Yard\u0131m Konseri ger\u00e7ekle\u015fti"},"content":{"rendered":"<p>Mu\u011fla\u2019n\u0131n Bodrum il\u00e7esinde ya\u015fam\u0131n\u0131 s\u00fcrd\u00fcren DMD kas hastas\u0131 Eymen \u00d6zdo\u011fan\u2019\u0131n tedavi s\u00fcrecine destek olmak amac\u0131yla &#8220;Eymen \u0130\u00e7in S\u00f6yle Yard\u0131m Konseri&#8221; d\u00fczenlendi.<\/p>\n<p>Bodrum Belediyesi ve Mu\u011fla B\u00fcy\u00fck\u015fehir Belediyesi destekleriyle Mu\u011fla Arama Kurtarma Acil Yard\u0131m Derne\u011fi (MAKAY) ile Bodrum \u00c7al\u0131ku\u015fu K\u00fclt\u00fcr ve Sanat Derne\u011fi i\u015f birli\u011finde 28 Nisan 2026 tarihinde Herodot K\u00fclt\u00fcr Merkezi\u2019nde &#8220;Eymen \u0130\u00e7in S\u00f6yle Yard\u0131m Konseri&#8221; d\u00fczenlendi.<\/p>\n<p>Konsere Bodrum Belediye Ba\u015fkan Vekili Deniz Koca, Bodrum Belediyesi Ba\u015fkan Yard\u0131mc\u0131s\u0131 Kanat Hasan \u00d6zsert, Mu\u011fla Arama Kurtarma Acil Yard\u0131m Derne\u011fi Ba\u015fkan\u0131 Ahmet De\u011firmenci, Eymen \u00d6zdo\u011fan\u2019\u0131n annesi \u00d6zlem \u00d6zdo\u011fan ile \u00e7ok say\u0131da yard\u0131msever ve sanatsever kat\u0131ld\u0131.<\/p>\n<p>Koro \u015fefi Nurg\u00fcl Vurucular y\u00f6netimindeki \u00c7al\u0131ku\u015fu T\u00fcrk M\u00fczi\u011fi Toplulu\u011fu\u2019nun sahne ald\u0131\u011f\u0131 konser iki b\u00f6l\u00fcm halinde ger\u00e7ekle\u015ftirildi. Sanatseverler m\u00fczik dolu anlar ya\u015farken Bodrum\u2019da dayan\u0131\u015fman\u0131n g\u00fczel bir \u00f6rne\u011fi sergilendi.<\/p>\n<p>Konserden elde edilen gelirin tamam\u0131n\u0131n Eymen \u00d6zdo\u011fan\u2019\u0131n kampanyas\u0131na aktar\u0131laca\u011f\u0131 belirtildi.<br \/><\/p>\n","protected":false},"excerpt":{"rendered":"<p>Mu\u011fla\u2019n\u0131n Bodrum il\u00e7esinde ya\u015fam\u0131n\u0131 s\u00fcrd\u00fcren DMD kas hastas\u0131 Eymen \u00d6zdo\u011fan\u2019\u0131n tedavi s\u00fcrecine destek olmak amac\u0131yla &#8220;Eymen \u0130\u00e7in S\u00f6yle Yard\u0131m Konseri&#8221; d\u00fczenlendi. Bodrum Belediyesi ve Mu\u011fla B\u00fcy\u00fck\u015fehir Belediyesi destekleriyle Mu\u011fla Arama Kurtarma Acil Yard\u0131m Derne\u011fi (MAKAY) ile Bodrum \u00c7al\u0131ku\u015fu K\u00fclt\u00fcr ve Sanat Derne\u011fi i\u015f birli\u011finde 28 Nisan 2026 tarihinde Herodot K\u00fclt\u00fcr Merkezi\u2019nde &#8220;Eymen \u0130\u00e7in S\u00f6yle Yard\u0131m&#8230;<\/p>\n","protected":false},"author":1,"featured_media":99600,"comment_status":"open","ping_status":"open","sticky":false,"template":"","format":"standard","meta":{"_crdt_document":"","footnotes":""},"categories":[1],"tags":[],"class_list":["post-99599","post","type-post","status-publish","format-standard","has-post-thumbnail","hentry","category-guncel"],"_links":{"self":[{"href":"https:\/\/www.egemtv.com\/index.php?rest_route=\/wp\/v2\/posts\/99599","targetHints":{"allow":["GET"]}}],"collection":[{"href":"https:\/\/www.egemtv.com\/index.php?rest_route=\/wp\/v2\/posts"}],"about":[{"href":"https:\/\/www.egemtv.com\/index.php?rest_route=\/wp\/v2\/types\/post"}],"author":[{"embeddable":true,"href":"https:\/\/www.egemtv.com\/index.php?rest_route=\/wp\/v2\/users\/1"}],"replies":[{"embeddable":true,"href":"https:\/\/www.egemtv.com\/index.php?rest_route=%2Fwp%2Fv2%2Fcomments&post=99599"}],"version-history":[{"count":1,"href":"https:\/\/www.egemtv.com\/index.php?rest_route=\/wp\/v2\/posts\/99599\/revisions"}],"predecessor-version":[{"id":99601,"href":"https:\/\/www.egemtv.com\/index.php?rest_route=\/wp\/v2\/posts\/99599\/revisions\/99601"}],"wp:featuredmedia":[{"embeddable":true,"href":"https:\/\/www.egemtv.com\/index.php?rest_route=\/wp\/v2\/media\/99600"}],"wp:attachment":[{"href":"https:\/\/www.egemtv.com\/index.php?rest_route=%2Fwp%2Fv2%2Fmedia&parent=99599"}],"wp:term":[{"taxonomy":"category","embeddable":true,"href":"https:\/\/www.egemtv.com\/index.php?rest_route=%2Fwp%2Fv2%2Fcategories&post=99599"},{"taxonomy":"post_tag","embeddable":true,"href":"https:\/\/www.egemtv.com\/index.php?rest_route=%2Fwp%2Fv2%2Ftags&post=99599"}],"curies":[{"name":"wp","href":"https:\/\/api.w.org\/{rel}","templated":true}]}}