{"id":99596,"date":"2026-04-29T16:55:53","date_gmt":"2026-04-29T13:55:53","guid":{"rendered":"https:\/\/www.egemtv.com\/?p=99596"},"modified":"2026-04-29T16:55:56","modified_gmt":"2026-04-29T13:55:56","slug":"fethiyede-zabita-personeli-ersoya-duygusal-veda","status":"publish","type":"post","link":"https:\/\/www.egemtv.com\/?p=99596","title":{"rendered":"Fethiye\u2019de Zab\u0131ta Personeli Ersoy\u2019a duygusal veda"},"content":{"rendered":"<p>Ge\u00e7irdi\u011fi kalp krizi dolay\u0131s\u0131yla hayat\u0131n\u0131 kaybeden Fethiye Belediyesi zab\u0131ta personeli Kerem Ersoy i\u00e7in belediye binas\u0131 \u00f6n\u00fcnde t\u00f6ren d\u00fczenlendi.<\/p>\n<p>Fethiye Belediyesi Zab\u0131ta M\u00fcd\u00fcrl\u00fc\u011f\u00fc personeli Kerem Ersoy, d\u00fczenlenen t\u00f6renle son yolculu\u011funa u\u011furland\u0131. Fethiye Belediye binas\u0131 \u00f6n\u00fcnde ger\u00e7ekle\u015ftirilen cenaze t\u00f6renine belediye \u00e7al\u0131\u015fanlar\u0131, Ersoy\u2019un ailesi, yak\u0131nlar\u0131 ve \u00e7ok say\u0131da vatanda\u015f kat\u0131ld\u0131. T\u00f6rende duygu dolu anlar ya\u015fan\u0131rken, Kerem Ersoy\u2019un naa\u015f\u0131 mesai arkada\u015flar\u0131 olan zab\u0131ta personelinin omuzlar\u0131nda ta\u015f\u0131nd\u0131. Fethiye Belediye Ba\u015fkan\u0131 Alim Karaca yapt\u0131\u011f\u0131 konu\u015fmada b\u00fcy\u00fck \u00fcz\u00fcnt\u00fc ya\u015fad\u0131klar\u0131n\u0131 belirterek, &#8220;Ailemden birini kaybetmi\u015f gibiyim. Son zamanlarda hem aile b\u00fcy\u00fcklerimi hem de \u00e7al\u0131\u015fma arkada\u015flar\u0131m\u0131 kaybetmenin ac\u0131s\u0131n\u0131 \u00fcst \u00fcste ya\u015f\u0131yorum&#8221; ifadelerini kulland\u0131.<\/p>\n<p>Ersoy\u2019un ailesi, yak\u0131nlar\u0131 ve i\u015f arkada\u015flar\u0131 da bu ac\u0131 g\u00fcnde yaln\u0131z b\u0131rak\u0131lmad\u0131. Belediye \u00f6n\u00fcndeki t\u00f6renin ard\u0131ndan Ersoy\u2019un naa\u015f\u0131, cenaze namaz\u0131n\u0131n k\u0131l\u0131nmas\u0131 i\u00e7in Fethiye Yeni Camii\u2019ne omuzlarda g\u00f6t\u00fcr\u00fcld\u00fc.<\/p>\n<p>Kerem Ersoy, k\u0131l\u0131nan cenaze namaz\u0131n\u0131n ard\u0131ndan dualarla son yolculu\u011funa u\u011furland\u0131.<br \/><\/p>\n","protected":false},"excerpt":{"rendered":"<p>Ge\u00e7irdi\u011fi kalp krizi dolay\u0131s\u0131yla hayat\u0131n\u0131 kaybeden Fethiye Belediyesi zab\u0131ta personeli Kerem Ersoy i\u00e7in belediye binas\u0131 \u00f6n\u00fcnde t\u00f6ren d\u00fczenlendi. Fethiye Belediyesi Zab\u0131ta M\u00fcd\u00fcrl\u00fc\u011f\u00fc personeli Kerem Ersoy, d\u00fczenlenen t\u00f6renle son yolculu\u011funa u\u011furland\u0131. Fethiye Belediye binas\u0131 \u00f6n\u00fcnde ger\u00e7ekle\u015ftirilen cenaze t\u00f6renine belediye \u00e7al\u0131\u015fanlar\u0131, Ersoy\u2019un ailesi, yak\u0131nlar\u0131 ve \u00e7ok say\u0131da vatanda\u015f kat\u0131ld\u0131. T\u00f6rende duygu dolu anlar ya\u015fan\u0131rken, Kerem Ersoy\u2019un naa\u015f\u0131&#8230;<\/p>\n","protected":false},"author":1,"featured_media":99597,"comment_status":"open","ping_status":"open","sticky":false,"template":"","format":"standard","meta":{"_crdt_document":"","footnotes":""},"categories":[123],"tags":[],"class_list":["post-99596","post","type-post","status-publish","format-standard","has-post-thumbnail","hentry","category-gundem"],"_links":{"self":[{"href":"https:\/\/www.egemtv.com\/index.php?rest_route=\/wp\/v2\/posts\/99596","targetHints":{"allow":["GET"]}}],"collection":[{"href":"https:\/\/www.egemtv.com\/index.php?rest_route=\/wp\/v2\/posts"}],"about":[{"href":"https:\/\/www.egemtv.com\/index.php?rest_route=\/wp\/v2\/types\/post"}],"author":[{"embeddable":true,"href":"https:\/\/www.egemtv.com\/index.php?rest_route=\/wp\/v2\/users\/1"}],"replies":[{"embeddable":true,"href":"https:\/\/www.egemtv.com\/index.php?rest_route=%2Fwp%2Fv2%2Fcomments&post=99596"}],"version-history":[{"count":1,"href":"https:\/\/www.egemtv.com\/index.php?rest_route=\/wp\/v2\/posts\/99596\/revisions"}],"predecessor-version":[{"id":99598,"href":"https:\/\/www.egemtv.com\/index.php?rest_route=\/wp\/v2\/posts\/99596\/revisions\/99598"}],"wp:featuredmedia":[{"embeddable":true,"href":"https:\/\/www.egemtv.com\/index.php?rest_route=\/wp\/v2\/media\/99597"}],"wp:attachment":[{"href":"https:\/\/www.egemtv.com\/index.php?rest_route=%2Fwp%2Fv2%2Fmedia&parent=99596"}],"wp:term":[{"taxonomy":"category","embeddable":true,"href":"https:\/\/www.egemtv.com\/index.php?rest_route=%2Fwp%2Fv2%2Fcategories&post=99596"},{"taxonomy":"post_tag","embeddable":true,"href":"https:\/\/www.egemtv.com\/index.php?rest_route=%2Fwp%2Fv2%2Ftags&post=99596"}],"curies":[{"name":"wp","href":"https:\/\/api.w.org\/{rel}","templated":true}]}}