{"id":99593,"date":"2026-04-29T15:45:55","date_gmt":"2026-04-29T12:45:55","guid":{"rendered":"https:\/\/www.egemtv.com\/?p=99593"},"modified":"2026-04-29T15:45:56","modified_gmt":"2026-04-29T12:45:56","slug":"bisikletcilere-koycegizde-alkisli-destek","status":"publish","type":"post","link":"https:\/\/www.egemtv.com\/?p=99593","title":{"rendered":"Bisiklet\u00e7ilere K\u00f6yce\u011fiz\u2019de alk\u0131\u015fl\u0131 destek"},"content":{"rendered":"<p>Mu\u011fla\u2019n\u0131n K\u00f6yce\u011fiz il\u00e7esinden Cumhurba\u015fkanl\u0131\u011f\u0131 61. T\u00fcrkiye Bisiklet Turuna kat\u0131lan bisiklet\u00e7iler ge\u00e7ti. Bisiklet\u00e7ilere \u00f6\u011frenciler ve vatanda\u015flar alk\u0131\u015fl\u0131 destek sa\u011flad\u0131.<\/p>\n<p>T\u00fcrkiye\u2019nin en prestijli spor organizasyonlar\u0131ndan biri olan Cumhurba\u015fkanl\u0131\u011f\u0131 T\u00fcrkiye Bisiklet Turu\u2019nun 61. y\u0131l\u0131 kapsam\u0131nda d\u00fczenlenen yar\u0131\u015f\u0131n 4. etab\u0131 olan Marmaris-Fethiye parkurunda pedallar yar\u0131\u015f\u0131 kazanmak i\u00e7in \u00e7evrildi. Etap kapsam\u0131nda uluslararas\u0131 bisiklet\u00e7iler K\u00f6yce\u011fiz-Fethiye karayolundan ge\u00e7erek il\u00e7ede renkli g\u00f6r\u00fcnt\u00fcler olu\u015fturdu. Saat 14.20 s\u0131ralar\u0131nda il\u00e7eden ge\u00e7en sporcular\u0131, yol kenarlar\u0131nda toplanan vatanda\u015flar ve \u00f6\u011frenciler b\u00fcy\u00fck bir ilgiyle kar\u015f\u0131lad\u0131. Ellerinde T\u00fcrk bayraklar\u0131yla sporculara destek veren vatanda\u015flar ve \u00f6\u011frenciler yar\u0131\u015f heyecan\u0131na ortak oldu. D\u00fcnyan\u0131n farkl\u0131 \u00fclkelerinden gelen profesyonel bisiklet\u00e7ilerin yer ald\u0131\u011f\u0131 organizasyon, yo\u011fun ilgiyle takip edildi.<br \/><\/p>\n","protected":false},"excerpt":{"rendered":"<p>Mu\u011fla\u2019n\u0131n K\u00f6yce\u011fiz il\u00e7esinden Cumhurba\u015fkanl\u0131\u011f\u0131 61. T\u00fcrkiye Bisiklet Turuna kat\u0131lan bisiklet\u00e7iler ge\u00e7ti. Bisiklet\u00e7ilere \u00f6\u011frenciler ve vatanda\u015flar alk\u0131\u015fl\u0131 destek sa\u011flad\u0131. T\u00fcrkiye\u2019nin en prestijli spor organizasyonlar\u0131ndan biri olan Cumhurba\u015fkanl\u0131\u011f\u0131 T\u00fcrkiye Bisiklet Turu\u2019nun 61. y\u0131l\u0131 kapsam\u0131nda d\u00fczenlenen yar\u0131\u015f\u0131n 4. etab\u0131 olan Marmaris-Fethiye parkurunda pedallar yar\u0131\u015f\u0131 kazanmak i\u00e7in \u00e7evrildi. Etap kapsam\u0131nda uluslararas\u0131 bisiklet\u00e7iler K\u00f6yce\u011fiz-Fethiye karayolundan ge\u00e7erek il\u00e7ede renkli g\u00f6r\u00fcnt\u00fcler olu\u015fturdu&#8230;.<\/p>\n","protected":false},"author":1,"featured_media":99594,"comment_status":"open","ping_status":"open","sticky":false,"template":"","format":"standard","meta":{"_crdt_document":"","footnotes":""},"categories":[4],"tags":[],"class_list":["post-99593","post","type-post","status-publish","format-standard","has-post-thumbnail","hentry","category-spor"],"_links":{"self":[{"href":"https:\/\/www.egemtv.com\/index.php?rest_route=\/wp\/v2\/posts\/99593","targetHints":{"allow":["GET"]}}],"collection":[{"href":"https:\/\/www.egemtv.com\/index.php?rest_route=\/wp\/v2\/posts"}],"about":[{"href":"https:\/\/www.egemtv.com\/index.php?rest_route=\/wp\/v2\/types\/post"}],"author":[{"embeddable":true,"href":"https:\/\/www.egemtv.com\/index.php?rest_route=\/wp\/v2\/users\/1"}],"replies":[{"embeddable":true,"href":"https:\/\/www.egemtv.com\/index.php?rest_route=%2Fwp%2Fv2%2Fcomments&post=99593"}],"version-history":[{"count":1,"href":"https:\/\/www.egemtv.com\/index.php?rest_route=\/wp\/v2\/posts\/99593\/revisions"}],"predecessor-version":[{"id":99595,"href":"https:\/\/www.egemtv.com\/index.php?rest_route=\/wp\/v2\/posts\/99593\/revisions\/99595"}],"wp:featuredmedia":[{"embeddable":true,"href":"https:\/\/www.egemtv.com\/index.php?rest_route=\/wp\/v2\/media\/99594"}],"wp:attachment":[{"href":"https:\/\/www.egemtv.com\/index.php?rest_route=%2Fwp%2Fv2%2Fmedia&parent=99593"}],"wp:term":[{"taxonomy":"category","embeddable":true,"href":"https:\/\/www.egemtv.com\/index.php?rest_route=%2Fwp%2Fv2%2Fcategories&post=99593"},{"taxonomy":"post_tag","embeddable":true,"href":"https:\/\/www.egemtv.com\/index.php?rest_route=%2Fwp%2Fv2%2Ftags&post=99593"}],"curies":[{"name":"wp","href":"https:\/\/api.w.org\/{rel}","templated":true}]}}