{"id":99590,"date":"2026-04-29T15:45:54","date_gmt":"2026-04-29T12:45:54","guid":{"rendered":"https:\/\/www.egemtv.com\/?p=99590"},"modified":"2026-04-29T15:45:55","modified_gmt":"2026-04-29T12:45:55","slug":"efeler-belediyesi-asfaltlama-calismalarini-surduruyor","status":"publish","type":"post","link":"https:\/\/www.egemtv.com\/?p=99590","title":{"rendered":"Efeler Belediyesi asfaltlama \u00e7al\u0131\u015fmalar\u0131n\u0131 s\u00fcrd\u00fcr\u00fcyor"},"content":{"rendered":"<p>Efeler Belediyesi il\u00e7e genelinde s\u00fcrd\u00fcrd\u00fc\u011f\u00fc yol yenileme, bak\u0131m, onar\u0131m ve asfaltlama \u00e7al\u0131\u015fmalar\u0131na aral\u0131ks\u0131z devam ederek vatanda\u015flar\u0131n ya\u015fam kalitesini art\u0131rmay\u0131 s\u00fcrd\u00fcr\u00fcyor.<\/p>\n<p>\u00c7e\u015ftepe Mahallesi\u2019nde vatanda\u015flar taraf\u0131ndan s\u0131kl\u0131kla kullan\u0131lan yol, Efeler Belediyesi Fen \u0130\u015fleri M\u00fcd\u00fcrl\u00fc\u011f\u00fc ekipleri taraf\u0131ndan asfaltla kapland\u0131. \u015eehir merkezi ile k\u0131rsal mahalleler aras\u0131nda \u00f6nemli bir g\u00fczerg\u00e2h olan yerde yap\u0131lan \u00e7al\u0131\u015fmalar vatanda\u015flar taraf\u0131ndan da memnuniyetle kar\u015f\u0131land\u0131. Yap\u0131lan asfaltlama \u00e7al\u0131\u015fmas\u0131yla birlikte b\u00f6lgedeki ula\u015f\u0131m konforu \u00f6nemli \u00f6l\u00e7\u00fcde art\u0131r\u0131ld\u0131, \u00f6zellikle yo\u011fun kullan\u0131lan bu g\u00fczerg\u00e2hta ya\u015fanan toz, \u00e7amur ve zemin bozuklu\u011fu gibi sorunlar da ortadan kald\u0131r\u0131ld\u0131. Ger\u00e7ekle\u015ftirilen faaliyet sayesinde ara\u00e7 trafi\u011fi daha g\u00fcvenli hale geldi. Vatanda\u015flar, Efeler Belediye Ba\u015fkan\u0131 An\u0131l Yeti\u015fkin\u2019e ve mesai arkada\u015flar\u0131na te\u015fekk\u00fcr etti.<br \/><\/p>\n","protected":false},"excerpt":{"rendered":"<p>Efeler Belediyesi il\u00e7e genelinde s\u00fcrd\u00fcrd\u00fc\u011f\u00fc yol yenileme, bak\u0131m, onar\u0131m ve asfaltlama \u00e7al\u0131\u015fmalar\u0131na aral\u0131ks\u0131z devam ederek vatanda\u015flar\u0131n ya\u015fam kalitesini art\u0131rmay\u0131 s\u00fcrd\u00fcr\u00fcyor. \u00c7e\u015ftepe Mahallesi\u2019nde vatanda\u015flar taraf\u0131ndan s\u0131kl\u0131kla kullan\u0131lan yol, Efeler Belediyesi Fen \u0130\u015fleri M\u00fcd\u00fcrl\u00fc\u011f\u00fc ekipleri taraf\u0131ndan asfaltla kapland\u0131. \u015eehir merkezi ile k\u0131rsal mahalleler aras\u0131nda \u00f6nemli bir g\u00fczerg\u00e2h olan yerde yap\u0131lan \u00e7al\u0131\u015fmalar vatanda\u015flar taraf\u0131ndan da memnuniyetle kar\u015f\u0131land\u0131. Yap\u0131lan&#8230;<\/p>\n","protected":false},"author":1,"featured_media":99591,"comment_status":"open","ping_status":"open","sticky":false,"template":"","format":"standard","meta":{"_crdt_document":"","footnotes":""},"categories":[1],"tags":[],"class_list":["post-99590","post","type-post","status-publish","format-standard","has-post-thumbnail","hentry","category-guncel"],"_links":{"self":[{"href":"https:\/\/www.egemtv.com\/index.php?rest_route=\/wp\/v2\/posts\/99590","targetHints":{"allow":["GET"]}}],"collection":[{"href":"https:\/\/www.egemtv.com\/index.php?rest_route=\/wp\/v2\/posts"}],"about":[{"href":"https:\/\/www.egemtv.com\/index.php?rest_route=\/wp\/v2\/types\/post"}],"author":[{"embeddable":true,"href":"https:\/\/www.egemtv.com\/index.php?rest_route=\/wp\/v2\/users\/1"}],"replies":[{"embeddable":true,"href":"https:\/\/www.egemtv.com\/index.php?rest_route=%2Fwp%2Fv2%2Fcomments&post=99590"}],"version-history":[{"count":1,"href":"https:\/\/www.egemtv.com\/index.php?rest_route=\/wp\/v2\/posts\/99590\/revisions"}],"predecessor-version":[{"id":99592,"href":"https:\/\/www.egemtv.com\/index.php?rest_route=\/wp\/v2\/posts\/99590\/revisions\/99592"}],"wp:featuredmedia":[{"embeddable":true,"href":"https:\/\/www.egemtv.com\/index.php?rest_route=\/wp\/v2\/media\/99591"}],"wp:attachment":[{"href":"https:\/\/www.egemtv.com\/index.php?rest_route=%2Fwp%2Fv2%2Fmedia&parent=99590"}],"wp:term":[{"taxonomy":"category","embeddable":true,"href":"https:\/\/www.egemtv.com\/index.php?rest_route=%2Fwp%2Fv2%2Fcategories&post=99590"},{"taxonomy":"post_tag","embeddable":true,"href":"https:\/\/www.egemtv.com\/index.php?rest_route=%2Fwp%2Fv2%2Ftags&post=99590"}],"curies":[{"name":"wp","href":"https:\/\/api.w.org\/{rel}","templated":true}]}}