{"id":99587,"date":"2026-04-29T15:45:53","date_gmt":"2026-04-29T12:45:53","guid":{"rendered":"https:\/\/www.egemtv.com\/?p=99587"},"modified":"2026-04-29T15:45:54","modified_gmt":"2026-04-29T12:45:54","slug":"aydin-buyuksehir-belediyesi-sokede-binlerce-fideyi-vatandaslarla-bulusturdu","status":"publish","type":"post","link":"https:\/\/www.egemtv.com\/?p=99587","title":{"rendered":"Ayd\u0131n B\u00fcy\u00fck\u015fehir Belediyesi S\u00f6ke\u2019de binlerce fideyi vatanda\u015flarla bulu\u015fturdu"},"content":{"rendered":"<p>Ayd\u0131n B\u00fcy\u00fck\u015fehir Belediye Ba\u015fkan\u0131 \u00d6zlem \u00c7er\u00e7io\u011flu\u2019nun \u00f6nc\u00fcl\u00fc\u011f\u00fcnde Ayd\u0131n B\u00fcy\u00fck\u015fehir Belediyesi taraf\u0131ndan ger\u00e7ekle\u015ftirilen Ata Tohumu projesi kapsam\u0131nda S\u00f6ke\u2019de yazl\u0131k fide da\u011f\u0131t\u0131m\u0131 ger\u00e7ekle\u015ftirildi. Etkinlikte, B\u00fcy\u00fck\u015fehir Belediyesi\u2019nin seralar\u0131nda tamamen yerli tohumlarla yeti\u015ftirilen binlerce domates, biber, patl\u0131can, acur, salatal\u0131k ve fasulye fidesi vatanda\u015flara \u00fccretsiz olarak da\u011f\u0131t\u0131ld\u0131.<\/p>\n<p>Vatanda\u015flar, fide da\u011f\u0131t\u0131m\u0131na yo\u011fun ilgi g\u00f6sterdi. Yerli tohumlar\u0131n yeniden yayg\u0131nla\u015ft\u0131r\u0131lmas\u0131na y\u00f6nelik bu \u00e7al\u0131\u015fmalar\u0131n \u00f6nemine dikkat \u00e7eken vatanda\u015flar, Ata Tohumlar\u0131n\u0131n gelecek nesillere ta\u015f\u0131nmas\u0131 i\u00e7in projeye \u00f6nc\u00fc olan ve y\u0131llard\u0131r s\u00fcrd\u00fcren Ayd\u0131n B\u00fcy\u00fck\u015fehir Belediye Ba\u015fkan\u0131 \u00d6zlem \u00c7er\u00e7io\u011flu\u2019na te\u015fekk\u00fcr etti.<\/p>\n<p>Ata Tohumlar\u0131n\u0131n ayn\u0131 zamanda k\u00fclt\u00fcrel bir miras oldu\u011funu belirten Ba\u015fkan \u00c7er\u00e7io\u011flu, &#8220;17 il\u00e7emizin tamam\u0131nda fidelerimizin da\u011f\u0131t\u0131m\u0131na devam ediyoruz. Ata Tohumlar\u0131n\u0131 topra\u011f\u0131m\u0131z\u0131n bereketi ile ya\u015fatmak gelece\u011fimize b\u0131rakaca\u011f\u0131m\u0131z en de\u011ferli miraslardan biri. Bu miras\u0131 ya\u015fatmak i\u00e7in \u00e7al\u0131\u015fmay\u0131, seralar\u0131m\u0131zda \u00fcretti\u011fimiz fideleri vatanda\u015flar\u0131m\u0131zla bulu\u015fturmay\u0131 s\u00fcrd\u00fcrece\u011fiz&#8221; ifadelerini kulland\u0131.<br \/><\/p>\n","protected":false},"excerpt":{"rendered":"<p>Ayd\u0131n B\u00fcy\u00fck\u015fehir Belediye Ba\u015fkan\u0131 \u00d6zlem \u00c7er\u00e7io\u011flu\u2019nun \u00f6nc\u00fcl\u00fc\u011f\u00fcnde Ayd\u0131n B\u00fcy\u00fck\u015fehir Belediyesi taraf\u0131ndan ger\u00e7ekle\u015ftirilen Ata Tohumu projesi kapsam\u0131nda S\u00f6ke\u2019de yazl\u0131k fide da\u011f\u0131t\u0131m\u0131 ger\u00e7ekle\u015ftirildi. Etkinlikte, B\u00fcy\u00fck\u015fehir Belediyesi\u2019nin seralar\u0131nda tamamen yerli tohumlarla yeti\u015ftirilen binlerce domates, biber, patl\u0131can, acur, salatal\u0131k ve fasulye fidesi vatanda\u015flara \u00fccretsiz olarak da\u011f\u0131t\u0131ld\u0131. Vatanda\u015flar, fide da\u011f\u0131t\u0131m\u0131na yo\u011fun ilgi g\u00f6sterdi. Yerli tohumlar\u0131n yeniden yayg\u0131nla\u015ft\u0131r\u0131lmas\u0131na y\u00f6nelik bu \u00e7al\u0131\u015fmalar\u0131n&#8230;<\/p>\n","protected":false},"author":1,"featured_media":99588,"comment_status":"open","ping_status":"open","sticky":false,"template":"","format":"standard","meta":{"_crdt_document":"","footnotes":""},"categories":[1],"tags":[],"class_list":["post-99587","post","type-post","status-publish","format-standard","has-post-thumbnail","hentry","category-guncel"],"_links":{"self":[{"href":"https:\/\/www.egemtv.com\/index.php?rest_route=\/wp\/v2\/posts\/99587","targetHints":{"allow":["GET"]}}],"collection":[{"href":"https:\/\/www.egemtv.com\/index.php?rest_route=\/wp\/v2\/posts"}],"about":[{"href":"https:\/\/www.egemtv.com\/index.php?rest_route=\/wp\/v2\/types\/post"}],"author":[{"embeddable":true,"href":"https:\/\/www.egemtv.com\/index.php?rest_route=\/wp\/v2\/users\/1"}],"replies":[{"embeddable":true,"href":"https:\/\/www.egemtv.com\/index.php?rest_route=%2Fwp%2Fv2%2Fcomments&post=99587"}],"version-history":[{"count":1,"href":"https:\/\/www.egemtv.com\/index.php?rest_route=\/wp\/v2\/posts\/99587\/revisions"}],"predecessor-version":[{"id":99589,"href":"https:\/\/www.egemtv.com\/index.php?rest_route=\/wp\/v2\/posts\/99587\/revisions\/99589"}],"wp:featuredmedia":[{"embeddable":true,"href":"https:\/\/www.egemtv.com\/index.php?rest_route=\/wp\/v2\/media\/99588"}],"wp:attachment":[{"href":"https:\/\/www.egemtv.com\/index.php?rest_route=%2Fwp%2Fv2%2Fmedia&parent=99587"}],"wp:term":[{"taxonomy":"category","embeddable":true,"href":"https:\/\/www.egemtv.com\/index.php?rest_route=%2Fwp%2Fv2%2Fcategories&post=99587"},{"taxonomy":"post_tag","embeddable":true,"href":"https:\/\/www.egemtv.com\/index.php?rest_route=%2Fwp%2Fv2%2Ftags&post=99587"}],"curies":[{"name":"wp","href":"https:\/\/api.w.org\/{rel}","templated":true}]}}