{"id":99584,"date":"2026-04-29T15:45:51","date_gmt":"2026-04-29T12:45:51","guid":{"rendered":"https:\/\/www.egemtv.com\/?p=99584"},"modified":"2026-04-29T15:45:53","modified_gmt":"2026-04-29T12:45:53","slug":"latin-ruzgari-beyaz-perdede-esecek","status":"publish","type":"post","link":"https:\/\/www.egemtv.com\/?p=99584","title":{"rendered":"Latin r\u00fczgar\u0131 beyaz perdede esecek"},"content":{"rendered":"<p>Marmaris Belediyesi taraf\u0131ndan d\u00fczenlenen Latin Festivali kapsam\u0131nda haz\u0131rlanan \u00f6zel film g\u00f6sterim program\u0131, 8-10 May\u0131s tarihleri aras\u0131nda sinemaseverlerle bulu\u015facak.<\/p>\n<p>T\u00fcrkiye\u2019nin Latin temal\u0131 en b\u00fcy\u00fck etkinli\u011fi olan Marmaris Latin Festivali kapsam\u0131nda Latin Amerika sinemas\u0131n\u0131n dikkat \u00e7eken yap\u0131mlar\u0131 da sanatseverlerle bulu\u015facak. 8-10 May\u0131s tarihleri aras\u0131nda ger\u00e7ekle\u015ftirilecek g\u00f6sterimlerde geni\u015f bir se\u00e7ki izleyiciyle bulu\u015facak. Marmaris K\u00fclt\u00fcr ve Sanat Evi\u2019nde ger\u00e7ekle\u015ftirilecek etkinlikte Latin Amerika sinemas\u0131ndan farkl\u0131 t\u00fcrlerde yap\u0131mlar \u00fccretsiz olarak izlenebilecek.<\/p>\n<p>Latin Amerika\u2019n\u0131n zengin k\u00fclt\u00fcrel miras\u0131n\u0131 beyaz perdeye ta\u015f\u0131yacak programda; belgesel, k\u0131sa film, animasyon ve \u00f6d\u00fcll\u00fc yap\u0131mlar yer alacak. Panama\u2019dan Arjantin\u2019e, Brezilya\u2019dan Meksika\u2019ya uzanan geni\u015f se\u00e7ki, izleyicilere farkl\u0131 co\u011frafyalardan hikayeler sunacak.<\/p>\n<p>Festivalin ilk g\u00fcn\u00fc olan 8 May\u0131s\u2019ta, Panama\u2019n\u0131n efsanevi futbolcusu Rommel Fernndez\u2019in hayat\u0131n\u0131 anlatan &#8220;Me Dicen El Panzer&#8221; filmi g\u00f6sterilecek. Program, Nikaragua\u2019n\u0131n k\u00fclt\u00fcrel yap\u0131s\u0131n\u0131 ele alan &#8220;Tu Casa Es Cultura&#8221;, \u00fc\u00e7 farkl\u0131 \u00fclkeden kad\u0131nlar\u0131n mektupla\u015fmalar\u0131n\u0131 konu alan Brezilya yap\u0131m\u0131 &#8220;Cartas Para&#8221; ve \u015eili\u2019deki Lafkenche halk\u0131n\u0131n hikayesini anlatan k\u0131sa film &#8220;Amucha&#8221; ile devam edecek.<\/p>\n<p>9 May\u0131s\u2019taki g\u00f6sterimlerde \u00e7ocuklara y\u00f6nelik Kosta Rika yap\u0131m\u0131 animasyon &#8220;Tio Conejo&#8221; izleyiciyle bulu\u015facak. Kosta Rika edebiyat\u0131n\u0131n klasiklerinden biri olan ve Carmen Lyra taraf\u0131ndan kaleme al\u0131nan &#8220;Tales of my Aunt Panchita&#8221; (1920) kitab\u0131ndaki masallara dayanan bir animasyonun ard\u0131ndan g\u00fcn boyunca ayr\u0131ca Meksika yap\u0131m\u0131 &#8220;No Nos Movern&#8221;, \u015eili\u2019den &#8220;Abundancia, Siempre Verde&#8221; belgeseli ve Brezilya yap\u0131m\u0131 animasyon &#8220;Nimuendaju&#8221; g\u00f6sterilecek.<\/p>\n<p>Festivalin son g\u00fcn\u00fc olan 10 May\u0131s program\u0131nda ise Venezuela\u2019n\u0131n toplumsal haf\u0131zas\u0131nda \u00f6nemli yer edinen &#8220;Ali Primera&#8221; filmi yer alacak. Panama\u2019n\u0131n tarihi ve sanatsal yap\u0131s\u0131n\u0131 anlatan yap\u0131mlar\u0131n ard\u0131ndan etkinlik, Arjantin k\u00fclt\u00fcr\u00fcn\u00fcn en \u00f6nemli ikonlar\u0131ndan biri olan Carlos Gardel\u2019in ya\u015fam\u0131n\u0131 ve eserlerini konu alan &#8220;El da que me quieras: Gardel\u2019in Yolculu\u011fu&#8221; isimli animasyon filminin g\u00f6sterimi ile sona erecek.<br \/><\/p>\n","protected":false},"excerpt":{"rendered":"<p>Marmaris Belediyesi taraf\u0131ndan d\u00fczenlenen Latin Festivali kapsam\u0131nda haz\u0131rlanan \u00f6zel film g\u00f6sterim program\u0131, 8-10 May\u0131s tarihleri aras\u0131nda sinemaseverlerle bulu\u015facak. T\u00fcrkiye\u2019nin Latin temal\u0131 en b\u00fcy\u00fck etkinli\u011fi olan Marmaris Latin Festivali kapsam\u0131nda Latin Amerika sinemas\u0131n\u0131n dikkat \u00e7eken yap\u0131mlar\u0131 da sanatseverlerle bulu\u015facak. 8-10 May\u0131s tarihleri aras\u0131nda ger\u00e7ekle\u015ftirilecek g\u00f6sterimlerde geni\u015f bir se\u00e7ki izleyiciyle bulu\u015facak. Marmaris K\u00fclt\u00fcr ve Sanat Evi\u2019nde ger\u00e7ekle\u015ftirilecek&#8230;<\/p>\n","protected":false},"author":1,"featured_media":99585,"comment_status":"open","ping_status":"open","sticky":false,"template":"","format":"standard","meta":{"_crdt_document":"","footnotes":""},"categories":[1],"tags":[],"class_list":["post-99584","post","type-post","status-publish","format-standard","has-post-thumbnail","hentry","category-guncel"],"_links":{"self":[{"href":"https:\/\/www.egemtv.com\/index.php?rest_route=\/wp\/v2\/posts\/99584","targetHints":{"allow":["GET"]}}],"collection":[{"href":"https:\/\/www.egemtv.com\/index.php?rest_route=\/wp\/v2\/posts"}],"about":[{"href":"https:\/\/www.egemtv.com\/index.php?rest_route=\/wp\/v2\/types\/post"}],"author":[{"embeddable":true,"href":"https:\/\/www.egemtv.com\/index.php?rest_route=\/wp\/v2\/users\/1"}],"replies":[{"embeddable":true,"href":"https:\/\/www.egemtv.com\/index.php?rest_route=%2Fwp%2Fv2%2Fcomments&post=99584"}],"version-history":[{"count":1,"href":"https:\/\/www.egemtv.com\/index.php?rest_route=\/wp\/v2\/posts\/99584\/revisions"}],"predecessor-version":[{"id":99586,"href":"https:\/\/www.egemtv.com\/index.php?rest_route=\/wp\/v2\/posts\/99584\/revisions\/99586"}],"wp:featuredmedia":[{"embeddable":true,"href":"https:\/\/www.egemtv.com\/index.php?rest_route=\/wp\/v2\/media\/99585"}],"wp:attachment":[{"href":"https:\/\/www.egemtv.com\/index.php?rest_route=%2Fwp%2Fv2%2Fmedia&parent=99584"}],"wp:term":[{"taxonomy":"category","embeddable":true,"href":"https:\/\/www.egemtv.com\/index.php?rest_route=%2Fwp%2Fv2%2Fcategories&post=99584"},{"taxonomy":"post_tag","embeddable":true,"href":"https:\/\/www.egemtv.com\/index.php?rest_route=%2Fwp%2Fv2%2Ftags&post=99584"}],"curies":[{"name":"wp","href":"https:\/\/api.w.org\/{rel}","templated":true}]}}