{"id":99581,"date":"2026-04-29T15:45:49","date_gmt":"2026-04-29T12:45:49","guid":{"rendered":"https:\/\/www.egemtv.com\/?p=99581"},"modified":"2026-04-29T15:45:50","modified_gmt":"2026-04-29T12:45:50","slug":"demirci-daglarinda-2-bin-liralik-kuzu-gobegi-mesaisi","status":"publish","type":"post","link":"https:\/\/www.egemtv.com\/?p=99581","title":{"rendered":"Demirci da\u011flar\u0131nda 2 bin liral\u0131k kuzu g\u00f6be\u011fi mesaisi"},"content":{"rendered":"<p>Manisa\u2019n\u0131n y\u00fcksek rak\u0131ml\u0131 il\u00e7esi Demirci\u2019de, sa\u011fanak ya\u011f\u0131\u015flar\u0131n ard\u0131ndan y\u00fcz\u00fcn\u00fc g\u00f6steren g\u00fcne\u015fle birlikte do\u011fada kuzu g\u00f6be\u011fi bereketi ya\u015fan\u0131yor. Kilogram fiyat\u0131 2 bin liray\u0131 bulan ve \u015fifas\u0131yla bilinen mantar\u0131 toplamak isteyen vatanda\u015flar da\u011flara ak\u0131n ediyor.<br \/>\n<br \/>Demirci il\u00e7esinde bahar ya\u011fmurlar\u0131n\u0131n ard\u0131ndan gelen s\u0131cak hava do\u011fay\u0131 canland\u0131rd\u0131. \u0130l\u00e7enin y\u00fcksek kesimlerinde, ormanl\u0131k alanlarda ve yaylalarda halk aras\u0131nda &#8220;alt\u0131nba\u015fl\u0131&#8221; olarak bilinen kuzu g\u00f6be\u011fi mantarlar\u0131 topraktan<br \/>\n<br \/>y\u00fcz\u00fcn\u00fc g\u00f6sterdi. Ekonomik de\u011feriyle dikkat \u00e7eken mantar, k\u0131rsal mahallelerde ya\u015fayan vatanda\u015flar i\u00e7in hem bir u\u011fra\u015f hem de \u00f6nemli bir kazan\u00e7 kap\u0131s\u0131 oldu.  Kuzu g\u00f6be\u011fi mantar\u0131 i\u00e7in K\u00f6yl\u00fcce, Ta\u015fok\u00e7ular ve Armutlu mahallelerinde vatanda\u015flar sabah\u0131n ilk \u0131\u015f\u0131klar\u0131yla arazilere \u00e7\u0131k\u0131yor. \u00c7al\u0131l\u0131klar\u0131n aras\u0131 ve a\u011fa\u00e7 diplerini titizlikle tarayan mahalle sakinleri, bulduklar\u0131 mantarlar\u0131 k\u00f6k\u00fcne zarar vermeden b\u0131\u00e7akla keserek topluyor. Vatanda\u015flar, bu y\u00f6ntemle mantar sporlar\u0131n\u0131n toprakta kalmas\u0131n\u0131 sa\u011flayarak gelecek y\u0131l yeniden yeti\u015fmesine imkan tan\u0131yor.  K\u00f6yl\u00fcce Mahallesi\u2019nde arkada\u015flar\u0131yla birlikte araziye \u00e7\u0131kan Ali Bozda\u011f, Osman Demirta\u015f ve Adil Poyraz, g\u00fcn boyu s\u00fcren arama sonucunda yakla\u015f\u0131k 1 kilo mantar hasat etti. Do\u011fada ad\u0131m ad\u0131m kuzu g\u00f6be\u011fi arayan gen\u00e7lerden Ali Bozda\u011f, &#8220;Hava g\u00fczelle\u015fince kendimizi da\u011flara att\u0131k. Nasip oldu, yakla\u015f\u0131k 1 kilo kadar toplad\u0131k. Bu mantar\u0131 aramas\u0131 ve bulmas\u0131 \u00e7ok b\u00fcy\u00fck bir heyecan. Buldu\u011fumuz her mantar bizi mutlu ediyor. \u015eifa niyetine t\u00fcketiliyor, lezzeti de bir o kadar g\u00fczel&#8221; ifadelerini kulland\u0131.<br \/>\n<br \/>D\u00fcnya mutfa\u011f\u0131n\u0131n vazge\u00e7ilmezleri aras\u0131nda yer alan ve ba\u011f\u0131\u015f\u0131kl\u0131k sistemini g\u00fc\u00e7lendirdi\u011fi bilinen kuzu g\u00f6be\u011fi mantar\u0131, Demirci ekonomisine de katk\u0131 sa\u011fl\u0131yor. \u00d6zellikle y\u00fcksek fiyat\u0131 ve az bulunurlu\u011fu nedeniyle k\u0131ymetli olan mantar, b\u00f6lge halk\u0131 i\u00e7in bahar aylar\u0131n\u0131n en \u00f6nemli gelir kaynaklar\u0131ndan biri haline gelmi\u015f durumda.<br \/><\/p>\n","protected":false},"excerpt":{"rendered":"<p>Manisa\u2019n\u0131n y\u00fcksek rak\u0131ml\u0131 il\u00e7esi Demirci\u2019de, sa\u011fanak ya\u011f\u0131\u015flar\u0131n ard\u0131ndan y\u00fcz\u00fcn\u00fc g\u00f6steren g\u00fcne\u015fle birlikte do\u011fada kuzu g\u00f6be\u011fi bereketi ya\u015fan\u0131yor. Kilogram fiyat\u0131 2 bin liray\u0131 bulan ve \u015fifas\u0131yla bilinen mantar\u0131 toplamak isteyen vatanda\u015flar da\u011flara ak\u0131n ediyor. Demirci il\u00e7esinde bahar ya\u011fmurlar\u0131n\u0131n ard\u0131ndan gelen s\u0131cak hava do\u011fay\u0131 canland\u0131rd\u0131. \u0130l\u00e7enin y\u00fcksek kesimlerinde, ormanl\u0131k alanlarda ve yaylalarda halk aras\u0131nda &#8220;alt\u0131nba\u015fl\u0131&#8221; olarak bilinen&#8230;<\/p>\n","protected":false},"author":1,"featured_media":99582,"comment_status":"open","ping_status":"open","sticky":false,"template":"","format":"standard","meta":{"_crdt_document":"","footnotes":""},"categories":[125],"tags":[],"class_list":["post-99581","post","type-post","status-publish","format-standard","has-post-thumbnail","hentry","category-ekonomi"],"_links":{"self":[{"href":"https:\/\/www.egemtv.com\/index.php?rest_route=\/wp\/v2\/posts\/99581","targetHints":{"allow":["GET"]}}],"collection":[{"href":"https:\/\/www.egemtv.com\/index.php?rest_route=\/wp\/v2\/posts"}],"about":[{"href":"https:\/\/www.egemtv.com\/index.php?rest_route=\/wp\/v2\/types\/post"}],"author":[{"embeddable":true,"href":"https:\/\/www.egemtv.com\/index.php?rest_route=\/wp\/v2\/users\/1"}],"replies":[{"embeddable":true,"href":"https:\/\/www.egemtv.com\/index.php?rest_route=%2Fwp%2Fv2%2Fcomments&post=99581"}],"version-history":[{"count":1,"href":"https:\/\/www.egemtv.com\/index.php?rest_route=\/wp\/v2\/posts\/99581\/revisions"}],"predecessor-version":[{"id":99583,"href":"https:\/\/www.egemtv.com\/index.php?rest_route=\/wp\/v2\/posts\/99581\/revisions\/99583"}],"wp:featuredmedia":[{"embeddable":true,"href":"https:\/\/www.egemtv.com\/index.php?rest_route=\/wp\/v2\/media\/99582"}],"wp:attachment":[{"href":"https:\/\/www.egemtv.com\/index.php?rest_route=%2Fwp%2Fv2%2Fmedia&parent=99581"}],"wp:term":[{"taxonomy":"category","embeddable":true,"href":"https:\/\/www.egemtv.com\/index.php?rest_route=%2Fwp%2Fv2%2Fcategories&post=99581"},{"taxonomy":"post_tag","embeddable":true,"href":"https:\/\/www.egemtv.com\/index.php?rest_route=%2Fwp%2Fv2%2Ftags&post=99581"}],"curies":[{"name":"wp","href":"https:\/\/api.w.org\/{rel}","templated":true}]}}