{"id":99578,"date":"2026-04-29T15:45:48","date_gmt":"2026-04-29T12:45:48","guid":{"rendered":"https:\/\/www.egemtv.com\/?p=99578"},"modified":"2026-04-29T15:45:49","modified_gmt":"2026-04-29T12:45:49","slug":"geka-uzmanlari-genclik-spor-il-mudurlugu-proje-ekibine-egitim-verdi","status":"publish","type":"post","link":"https:\/\/www.egemtv.com\/?p=99578","title":{"rendered":"GEKA uzmanlar\u0131, Gen\u00e7lik Spor \u0130l M\u00fcd\u00fcrl\u00fc\u011f\u00fc proje ekibine e\u011fitim verdi"},"content":{"rendered":"<p>Denizli Gen\u00e7lik ve Spor \u0130l M\u00fcd\u00fcrl\u00fc\u011f\u00fc b\u00fcnyesinde kurulan Proje ve Ar-Ge Birimi \u00e7al\u0131\u015fmalar\u0131na ba\u015flad\u0131. Ekibe yeni kat\u0131lan gen\u00e7lere iki g\u00fcn s\u00fcren Proje D\u00f6ng\u00fcs\u00fc E\u011fitimi verilirken, ulusal ve uluslararas\u0131 hibe programlar\u0131na y\u00f6nelik proje haz\u0131rl\u0131k s\u00fcre\u00e7leri de h\u0131z kazand\u0131.<\/p>\n<p>Gen\u00e7lerin enerjisini projelere yans\u0131tarak yeni ba\u015far\u0131 hik\u00e2yeleri yazmak amac\u0131yla Denizli Gen\u00e7lik ve Spor \u0130l M\u00fcd\u00fcrl\u00fc\u011f\u00fc b\u00fcnyesinde Proje ve AR-GE Birimi kuruldu. Ekip \u00fcyeleri aras\u0131nda farkl\u0131 sosyal yap\u0131lardan; \u00fcniversite ve lise \u00f6\u011frencileri, \u00f6zel sekt\u00f6r ve kamu \u00e7al\u0131\u015fanlar\u0131 ile antren\u00f6rler ve gen\u00e7lik \u00e7al\u0131\u015fanlar\u0131na geni\u015f bir kat\u0131l\u0131m var. Gen\u00e7lerin merkezde yer ald\u0131\u011f\u0131 g\u00f6n\u00fcll\u00fcl\u00fck temelli yap\u0131 i\u00e7erisinde \u00fcretim odakl\u0131 ve s\u00fcrd\u00fcr\u00fclebilir projelerin hayata ge\u00e7irilmesi hedefleniyor.<\/p>\n<p>GEKA taraf\u0131ndan proje yazma e\u011fitimi verildi<br \/>\n<br \/>Gen\u00e7lik Spor Proje ve Ar-Ge Birimi ekibine yeni kat\u0131lan gen\u00e7lere y\u00f6nelik iki g\u00fcn s\u00fcren Proje D\u00f6ng\u00fcs\u00fc E\u011fitimi d\u00fczenlendi. G\u00fcney Ege Kalk\u0131nma Ajans\u0131 (GEKA) uzman e\u011fitmeni taraf\u0131ndan verilen e\u011fitimde proje yaz\u0131m\u0131, b\u00fct\u00e7elendirme, s\u00fcrd\u00fcr\u00fclebilirlik ve ba\u015fvuru s\u00fcre\u00e7leri gibi temel konular ele al\u0131n\u0131rken, kat\u0131l\u0131mc\u0131lar uygulamal\u0131 \u00e7al\u0131\u015fmalarla proje geli\u015ftirme deneyimi kazand\u0131.<\/p>\n<p>Proje ve Ar-Ge Birimi i\u00e7in Gen\u00e7lik Spor \u0130l M\u00fcd\u00fcrl\u00fc\u011f\u00fc hizmet binas\u0131 4. kat\u0131nda proje odalar\u0131 olu\u015fturuldu. Gen\u00e7ler serbest zamanlar\u0131nda g\u00fcn\u00fcn her saatinde biraraya gelerek \u00e7al\u0131\u015fmalar yapabilecek. Proje ekibinde yer almak isteyen; kendini geli\u015ftirmek, fikirlerini projeye d\u00f6n\u00fc\u015ft\u00fcrmek ve ekip \u00e7al\u0131\u015fmas\u0131 i\u00e7inde aktif rol almak isteyen t\u00fcm bireyler ekibe kat\u0131lmaya davet edildi.<\/p>\n<p>&#8220;Gen\u00e7lerimizin potansiyelini ortaya \u00e7\u0131karacak bir yolculuk ba\u015flat\u0131yoruz&#8221;<br \/>\n<br \/>Proje ve Ar-Ge Birimi hakk\u0131nda de\u011ferlendirmelerde bulunan \u0130l M\u00fcd\u00fcr\u00fc S\u00fcleyman Erdo\u011fan, gen\u00e7lerin do\u011fru f\u0131rsatlar sunuldu\u011funda \u00f6nemli ba\u015far\u0131lara imza atabilecek potansiyele sahip oldu\u011funu vurgulad\u0131. Gen\u00e7lerin yaln\u0131zca kat\u0131l\u0131mc\u0131 de\u011fil, ayn\u0131 zamanda s\u00fcre\u00e7lerin aktif bir par\u00e7as\u0131 olmas\u0131n\u0131 istediklerini belirten Erdo\u011fan, &#8220;Her gencimizin i\u00e7inde ke\u015ffedilmeyi bekleyen bir potansiyel var. Bizler de bu potansiyeli ortaya \u00e7\u0131karacak bir yolculuk ba\u015flat\u0131yoruz. Amac\u0131m\u0131z; gen\u00e7lerimizin fikir \u00fcreten, fikirleri geli\u015ftiren ve hayata ge\u00e7iren bireyler olarak projelerin merkezinde yer almalar\u0131n\u0131 sa\u011flamak&#8221; ifadelerini kulland\u0131.<br \/><\/p>\n","protected":false},"excerpt":{"rendered":"<p>Denizli Gen\u00e7lik ve Spor \u0130l M\u00fcd\u00fcrl\u00fc\u011f\u00fc b\u00fcnyesinde kurulan Proje ve Ar-Ge Birimi \u00e7al\u0131\u015fmalar\u0131na ba\u015flad\u0131. Ekibe yeni kat\u0131lan gen\u00e7lere iki g\u00fcn s\u00fcren Proje D\u00f6ng\u00fcs\u00fc E\u011fitimi verilirken, ulusal ve uluslararas\u0131 hibe programlar\u0131na y\u00f6nelik proje haz\u0131rl\u0131k s\u00fcre\u00e7leri de h\u0131z kazand\u0131. Gen\u00e7lerin enerjisini projelere yans\u0131tarak yeni ba\u015far\u0131 hik\u00e2yeleri yazmak amac\u0131yla Denizli Gen\u00e7lik ve Spor \u0130l M\u00fcd\u00fcrl\u00fc\u011f\u00fc b\u00fcnyesinde Proje ve&#8230;<\/p>\n","protected":false},"author":1,"featured_media":99579,"comment_status":"open","ping_status":"open","sticky":false,"template":"","format":"standard","meta":{"_crdt_document":"","footnotes":""},"categories":[1],"tags":[],"class_list":["post-99578","post","type-post","status-publish","format-standard","has-post-thumbnail","hentry","category-guncel"],"_links":{"self":[{"href":"https:\/\/www.egemtv.com\/index.php?rest_route=\/wp\/v2\/posts\/99578","targetHints":{"allow":["GET"]}}],"collection":[{"href":"https:\/\/www.egemtv.com\/index.php?rest_route=\/wp\/v2\/posts"}],"about":[{"href":"https:\/\/www.egemtv.com\/index.php?rest_route=\/wp\/v2\/types\/post"}],"author":[{"embeddable":true,"href":"https:\/\/www.egemtv.com\/index.php?rest_route=\/wp\/v2\/users\/1"}],"replies":[{"embeddable":true,"href":"https:\/\/www.egemtv.com\/index.php?rest_route=%2Fwp%2Fv2%2Fcomments&post=99578"}],"version-history":[{"count":1,"href":"https:\/\/www.egemtv.com\/index.php?rest_route=\/wp\/v2\/posts\/99578\/revisions"}],"predecessor-version":[{"id":99580,"href":"https:\/\/www.egemtv.com\/index.php?rest_route=\/wp\/v2\/posts\/99578\/revisions\/99580"}],"wp:featuredmedia":[{"embeddable":true,"href":"https:\/\/www.egemtv.com\/index.php?rest_route=\/wp\/v2\/media\/99579"}],"wp:attachment":[{"href":"https:\/\/www.egemtv.com\/index.php?rest_route=%2Fwp%2Fv2%2Fmedia&parent=99578"}],"wp:term":[{"taxonomy":"category","embeddable":true,"href":"https:\/\/www.egemtv.com\/index.php?rest_route=%2Fwp%2Fv2%2Fcategories&post=99578"},{"taxonomy":"post_tag","embeddable":true,"href":"https:\/\/www.egemtv.com\/index.php?rest_route=%2Fwp%2Fv2%2Ftags&post=99578"}],"curies":[{"name":"wp","href":"https:\/\/api.w.org\/{rel}","templated":true}]}}