{"id":99575,"date":"2026-04-29T15:10:53","date_gmt":"2026-04-29T12:10:53","guid":{"rendered":"https:\/\/www.egemtv.com\/?p=99575"},"modified":"2026-04-29T15:10:55","modified_gmt":"2026-04-29T12:10:55","slug":"salihli-projeleri-icin-tarimdan-egitime-kapsamli-degerlendirme-toplantisi","status":"publish","type":"post","link":"https:\/\/www.egemtv.com\/?p=99575","title":{"rendered":"Salihli projeleri i\u00e7in tar\u0131mdan e\u011fitime kapsaml\u0131 de\u011ferlendirme toplant\u0131s\u0131"},"content":{"rendered":"<p>Manisa\u2019n\u0131n Salihli il\u00e7e Kaymakam\u0131 Ali G\u00fcldo\u011fan ba\u015fkanl\u0131\u011f\u0131nda, kaymakaml\u0131k b\u00fcnyesinde y\u00fcr\u00fct\u00fclen ve planlanan projelerin de\u011ferlendirildi\u011fi kapsaml\u0131 bir toplant\u0131 ger\u00e7ekle\u015ftirildi.<br \/>\n<br \/>Toplant\u0131da devam eden \u00e7al\u0131\u015fmalar ele al\u0131n\u0131rken, \u00f6n\u00fcm\u00fczdeki s\u00fcre\u00e7te hayata ge\u00e7irilmesi planlanan projeler de masaya yat\u0131r\u0131ld\u0131. \u00d6zellikle Organize Tar\u0131m B\u00f6lgesi (OTB) kapsam\u0131nda tar\u0131msal \u00fcretimin planl\u0131 ve s\u00fcrd\u00fcr\u00fclebilir \u015fekilde art\u0131r\u0131lmas\u0131, modern tar\u0131m uygulamalar\u0131n\u0131n yayg\u0131nla\u015ft\u0131r\u0131lmas\u0131 ve \u00fcreticiye katma de\u011fer sa\u011flayacak yat\u0131r\u0131mlar ile istihdam\u0131n g\u00fc\u00e7lendirilmesi konular\u0131 \u00f6ne \u00e7\u0131kt\u0131. E\u011fitim alan\u0131nda niteli\u011fin art\u0131r\u0131lmas\u0131na y\u00f6nelik at\u0131lacak ad\u0131mlar g\u00f6r\u00fc\u015f\u00fcl\u00fcrken, k\u00fclt\u00fcrel ve sanatsal faaliyetlerin geli\u015ftirilmesi de toplant\u0131n\u0131n g\u00fcndeminde yer ald\u0131.<br \/>\n<br \/>Kurumlar aras\u0131 i\u015f birli\u011fi ve koordinasyonun \u00f6nemine dikkat \u00e7ekilen toplant\u0131da, projelerin daha etkin ve verimli \u015fekilde y\u00fcr\u00fct\u00fclmesi i\u00e7in isti\u015farelerde bulunuldu.<br \/><\/p>\n","protected":false},"excerpt":{"rendered":"<p>Manisa\u2019n\u0131n Salihli il\u00e7e Kaymakam\u0131 Ali G\u00fcldo\u011fan ba\u015fkanl\u0131\u011f\u0131nda, kaymakaml\u0131k b\u00fcnyesinde y\u00fcr\u00fct\u00fclen ve planlanan projelerin de\u011ferlendirildi\u011fi kapsaml\u0131 bir toplant\u0131 ger\u00e7ekle\u015ftirildi. Toplant\u0131da devam eden \u00e7al\u0131\u015fmalar ele al\u0131n\u0131rken, \u00f6n\u00fcm\u00fczdeki s\u00fcre\u00e7te hayata ge\u00e7irilmesi planlanan projeler de masaya yat\u0131r\u0131ld\u0131. \u00d6zellikle Organize Tar\u0131m B\u00f6lgesi (OTB) kapsam\u0131nda tar\u0131msal \u00fcretimin planl\u0131 ve s\u00fcrd\u00fcr\u00fclebilir \u015fekilde art\u0131r\u0131lmas\u0131, modern tar\u0131m uygulamalar\u0131n\u0131n yayg\u0131nla\u015ft\u0131r\u0131lmas\u0131 ve \u00fcreticiye katma de\u011fer sa\u011flayacak&#8230;<\/p>\n","protected":false},"author":1,"featured_media":99576,"comment_status":"open","ping_status":"open","sticky":false,"template":"","format":"standard","meta":{"_crdt_document":"","footnotes":""},"categories":[125],"tags":[],"class_list":["post-99575","post","type-post","status-publish","format-standard","has-post-thumbnail","hentry","category-ekonomi"],"_links":{"self":[{"href":"https:\/\/www.egemtv.com\/index.php?rest_route=\/wp\/v2\/posts\/99575","targetHints":{"allow":["GET"]}}],"collection":[{"href":"https:\/\/www.egemtv.com\/index.php?rest_route=\/wp\/v2\/posts"}],"about":[{"href":"https:\/\/www.egemtv.com\/index.php?rest_route=\/wp\/v2\/types\/post"}],"author":[{"embeddable":true,"href":"https:\/\/www.egemtv.com\/index.php?rest_route=\/wp\/v2\/users\/1"}],"replies":[{"embeddable":true,"href":"https:\/\/www.egemtv.com\/index.php?rest_route=%2Fwp%2Fv2%2Fcomments&post=99575"}],"version-history":[{"count":1,"href":"https:\/\/www.egemtv.com\/index.php?rest_route=\/wp\/v2\/posts\/99575\/revisions"}],"predecessor-version":[{"id":99577,"href":"https:\/\/www.egemtv.com\/index.php?rest_route=\/wp\/v2\/posts\/99575\/revisions\/99577"}],"wp:featuredmedia":[{"embeddable":true,"href":"https:\/\/www.egemtv.com\/index.php?rest_route=\/wp\/v2\/media\/99576"}],"wp:attachment":[{"href":"https:\/\/www.egemtv.com\/index.php?rest_route=%2Fwp%2Fv2%2Fmedia&parent=99575"}],"wp:term":[{"taxonomy":"category","embeddable":true,"href":"https:\/\/www.egemtv.com\/index.php?rest_route=%2Fwp%2Fv2%2Fcategories&post=99575"},{"taxonomy":"post_tag","embeddable":true,"href":"https:\/\/www.egemtv.com\/index.php?rest_route=%2Fwp%2Fv2%2Ftags&post=99575"}],"curies":[{"name":"wp","href":"https:\/\/api.w.org\/{rel}","templated":true}]}}