{"id":99572,"date":"2026-04-29T15:10:50","date_gmt":"2026-04-29T12:10:50","guid":{"rendered":"https:\/\/www.egemtv.com\/?p=99572"},"modified":"2026-04-29T15:10:52","modified_gmt":"2026-04-29T12:10:52","slug":"afyonkarahisarda-ekrani-birak-hayata-bak-projesi-hayata-gecti","status":"publish","type":"post","link":"https:\/\/www.egemtv.com\/?p=99572","title":{"rendered":"Afyonkarahisar\u2019da \u2018Ekran\u0131 B\u0131rak, Hayata Bak&#8221; projesi hayata ge\u00e7ti"},"content":{"rendered":"<p>Afyonkarahisar ile birlikte T\u00fcrkiye\u2019nin en k\u00f6kl\u00fc liselerinden birisi olan Afyon Lisesi \u00f6\u011frencileri taraf\u0131ndan haz\u0131rlanan &#8220;Ekran\u0131 B\u0131rak, Hayata Bak&#8221; projesi hayata ge\u00e7irildi.<br \/>\n<br \/>Proje \u00e7er\u00e7evesinde \u00f6\u011frenci ve \u00f6\u011fretmenler Zafer Kent Meydan\u0131\u2019nda bro\u015f\u00fcrler da\u011f\u0131tarak gen\u00e7lerin ve \u00e7ocuklar\u0131n cep telefonu, tablet ve PC\u2019den uzak durularak ya\u015fanabilece\u011fi konusunda fark\u0131ndal\u0131k olu\u015fturuldu. \u00d6\u011frencilerin kost\u00fcm giyerek bro\u015f\u00fcr da\u011f\u0131tt\u0131klar\u0131 etkinlikte renkli g\u00f6r\u00fcnt\u00fcler ortaya \u00e7\u0131kt\u0131. Etkinlikle ilgili konu\u015fan Afyon Lisesi M\u00fcd\u00fcr\u00fc Ramazan Balkan Biz ekran olmadan da \u00f6\u011frencilerimizin ya\u015fanabilece\u011fini g\u00f6stermek istedik. Bir ki\u015fiyi bile kazansak projemizin olumlu bir sonucunun olaca\u011f\u0131n\u0131 d\u00fc\u015f\u00fcn\u00fcyoruz&#8221; dedi.<br \/><\/p>\n","protected":false},"excerpt":{"rendered":"<p>Afyonkarahisar ile birlikte T\u00fcrkiye\u2019nin en k\u00f6kl\u00fc liselerinden birisi olan Afyon Lisesi \u00f6\u011frencileri taraf\u0131ndan haz\u0131rlanan &#8220;Ekran\u0131 B\u0131rak, Hayata Bak&#8221; projesi hayata ge\u00e7irildi. Proje \u00e7er\u00e7evesinde \u00f6\u011frenci ve \u00f6\u011fretmenler Zafer Kent Meydan\u0131\u2019nda bro\u015f\u00fcrler da\u011f\u0131tarak gen\u00e7lerin ve \u00e7ocuklar\u0131n cep telefonu, tablet ve PC\u2019den uzak durularak ya\u015fanabilece\u011fi konusunda fark\u0131ndal\u0131k olu\u015fturuldu. \u00d6\u011frencilerin kost\u00fcm giyerek bro\u015f\u00fcr da\u011f\u0131tt\u0131klar\u0131 etkinlikte renkli g\u00f6r\u00fcnt\u00fcler ortaya \u00e7\u0131kt\u0131&#8230;.<\/p>\n","protected":false},"author":1,"featured_media":99573,"comment_status":"open","ping_status":"open","sticky":false,"template":"","format":"standard","meta":{"_crdt_document":"","footnotes":""},"categories":[1],"tags":[],"class_list":["post-99572","post","type-post","status-publish","format-standard","has-post-thumbnail","hentry","category-guncel"],"_links":{"self":[{"href":"https:\/\/www.egemtv.com\/index.php?rest_route=\/wp\/v2\/posts\/99572","targetHints":{"allow":["GET"]}}],"collection":[{"href":"https:\/\/www.egemtv.com\/index.php?rest_route=\/wp\/v2\/posts"}],"about":[{"href":"https:\/\/www.egemtv.com\/index.php?rest_route=\/wp\/v2\/types\/post"}],"author":[{"embeddable":true,"href":"https:\/\/www.egemtv.com\/index.php?rest_route=\/wp\/v2\/users\/1"}],"replies":[{"embeddable":true,"href":"https:\/\/www.egemtv.com\/index.php?rest_route=%2Fwp%2Fv2%2Fcomments&post=99572"}],"version-history":[{"count":1,"href":"https:\/\/www.egemtv.com\/index.php?rest_route=\/wp\/v2\/posts\/99572\/revisions"}],"predecessor-version":[{"id":99574,"href":"https:\/\/www.egemtv.com\/index.php?rest_route=\/wp\/v2\/posts\/99572\/revisions\/99574"}],"wp:featuredmedia":[{"embeddable":true,"href":"https:\/\/www.egemtv.com\/index.php?rest_route=\/wp\/v2\/media\/99573"}],"wp:attachment":[{"href":"https:\/\/www.egemtv.com\/index.php?rest_route=%2Fwp%2Fv2%2Fmedia&parent=99572"}],"wp:term":[{"taxonomy":"category","embeddable":true,"href":"https:\/\/www.egemtv.com\/index.php?rest_route=%2Fwp%2Fv2%2Fcategories&post=99572"},{"taxonomy":"post_tag","embeddable":true,"href":"https:\/\/www.egemtv.com\/index.php?rest_route=%2Fwp%2Fv2%2Ftags&post=99572"}],"curies":[{"name":"wp","href":"https:\/\/api.w.org\/{rel}","templated":true}]}}