{"id":99569,"date":"2026-04-29T15:10:47","date_gmt":"2026-04-29T12:10:47","guid":{"rendered":"https:\/\/www.egemtv.com\/?p=99569"},"modified":"2026-04-29T15:10:50","modified_gmt":"2026-04-29T12:10:50","slug":"baskan-cercioglu-cocuklari-ucurtma-senligine-davet-etti","status":"publish","type":"post","link":"https:\/\/www.egemtv.com\/?p=99569","title":{"rendered":"Ba\u015fkan \u00c7er\u00e7io\u011flu \u00e7ocuklar\u0131 u\u00e7urtma \u015fenli\u011fine davet etti"},"content":{"rendered":"<p>B\u00fcy\u00fck\u015fehir Belediyesi taraf\u0131ndan d\u00fczenlenen ve geleneksel hale gelen U\u00e7urtma \u015eenli\u011fi, 2 May\u0131s Cumartesi g\u00fcn\u00fc 15.00 ile 18.00 saatleri aras\u0131nda Ayd\u0131n-Mu\u011fla Karayolu 3\u2019\u00fcnc\u00fc kilometrede bulunan arazide d\u00fczenlenecek. \u015eenlikte \u00e7ocuklar g\u00f6n\u00fcllerince e\u011flenecek, rengarenk u\u00e7urtmalar g\u00f6ky\u00fcz\u00fcn\u00fc s\u00fcsleyecek.<\/p>\n<p>\u015eenlik kapsam\u0131nda B\u00fcy\u00fck\u015fehir Belediyesi taraf\u0131ndan haz\u0131rlanan u\u00e7urtmalar da \u00e7ocuklara da\u011f\u0131t\u0131lacak, velilere ikramlarda bulunulacak.<br \/>\n<br \/>T\u00fcm \u00e7ocuklar\u0131 ve velileri U\u00e7urtma \u015eenli\u011fi\u2019ne kat\u0131lmaya davet eden Ayd\u0131n B\u00fcy\u00fck\u015fehir Belediye Ba\u015fkan\u0131 \u00d6zlem \u00c7er\u00e7io\u011flu, &#8220;\u00c7ocuklar\u0131m\u0131z\u0131n y\u00fcz\u00fcn\u00fc g\u00fcld\u00fcrecek projelerimizi hayata ge\u00e7irmeye, kentimizin d\u00f6rt bir yan\u0131nda etkinliklerimize devam ediyoruz.  T\u00fcm \u00e7ocuklar\u0131m\u0131z\u0131 ve velilerimizi U\u00e7urtma \u015eenli\u011fi\u2019ne kat\u0131lmaya davet ediyorum&#8221; ifadelerini kulland\u0131.<br \/><\/p>\n","protected":false},"excerpt":{"rendered":"<p>B\u00fcy\u00fck\u015fehir Belediyesi taraf\u0131ndan d\u00fczenlenen ve geleneksel hale gelen U\u00e7urtma \u015eenli\u011fi, 2 May\u0131s Cumartesi g\u00fcn\u00fc 15.00 ile 18.00 saatleri aras\u0131nda Ayd\u0131n-Mu\u011fla Karayolu 3\u2019\u00fcnc\u00fc kilometrede bulunan arazide d\u00fczenlenecek. \u015eenlikte \u00e7ocuklar g\u00f6n\u00fcllerince e\u011flenecek, rengarenk u\u00e7urtmalar g\u00f6ky\u00fcz\u00fcn\u00fc s\u00fcsleyecek. \u015eenlik kapsam\u0131nda B\u00fcy\u00fck\u015fehir Belediyesi taraf\u0131ndan haz\u0131rlanan u\u00e7urtmalar da \u00e7ocuklara da\u011f\u0131t\u0131lacak, velilere ikramlarda bulunulacak. T\u00fcm \u00e7ocuklar\u0131 ve velileri U\u00e7urtma \u015eenli\u011fi\u2019ne kat\u0131lmaya davet&#8230;<\/p>\n","protected":false},"author":1,"featured_media":99570,"comment_status":"open","ping_status":"open","sticky":false,"template":"","format":"standard","meta":{"_crdt_document":"","footnotes":""},"categories":[1],"tags":[],"class_list":["post-99569","post","type-post","status-publish","format-standard","has-post-thumbnail","hentry","category-guncel"],"_links":{"self":[{"href":"https:\/\/www.egemtv.com\/index.php?rest_route=\/wp\/v2\/posts\/99569","targetHints":{"allow":["GET"]}}],"collection":[{"href":"https:\/\/www.egemtv.com\/index.php?rest_route=\/wp\/v2\/posts"}],"about":[{"href":"https:\/\/www.egemtv.com\/index.php?rest_route=\/wp\/v2\/types\/post"}],"author":[{"embeddable":true,"href":"https:\/\/www.egemtv.com\/index.php?rest_route=\/wp\/v2\/users\/1"}],"replies":[{"embeddable":true,"href":"https:\/\/www.egemtv.com\/index.php?rest_route=%2Fwp%2Fv2%2Fcomments&post=99569"}],"version-history":[{"count":1,"href":"https:\/\/www.egemtv.com\/index.php?rest_route=\/wp\/v2\/posts\/99569\/revisions"}],"predecessor-version":[{"id":99571,"href":"https:\/\/www.egemtv.com\/index.php?rest_route=\/wp\/v2\/posts\/99569\/revisions\/99571"}],"wp:featuredmedia":[{"embeddable":true,"href":"https:\/\/www.egemtv.com\/index.php?rest_route=\/wp\/v2\/media\/99570"}],"wp:attachment":[{"href":"https:\/\/www.egemtv.com\/index.php?rest_route=%2Fwp%2Fv2%2Fmedia&parent=99569"}],"wp:term":[{"taxonomy":"category","embeddable":true,"href":"https:\/\/www.egemtv.com\/index.php?rest_route=%2Fwp%2Fv2%2Fcategories&post=99569"},{"taxonomy":"post_tag","embeddable":true,"href":"https:\/\/www.egemtv.com\/index.php?rest_route=%2Fwp%2Fv2%2Ftags&post=99569"}],"curies":[{"name":"wp","href":"https:\/\/api.w.org\/{rel}","templated":true}]}}