{"id":99566,"date":"2026-04-29T14:35:47","date_gmt":"2026-04-29T11:35:47","guid":{"rendered":"https:\/\/www.egemtv.com\/?p=99566"},"modified":"2026-04-29T14:35:49","modified_gmt":"2026-04-29T11:35:49","slug":"dtonun-emlak-danismanlarina-yonelik-egitimi-yogun-ilgi-gordu","status":"publish","type":"post","link":"https:\/\/www.egemtv.com\/?p=99566","title":{"rendered":"DTO\u2019nun Emlak Dan\u0131\u015fmanlar\u0131na Y\u00f6nelik E\u011fitimi yo\u011fun ilgi g\u00f6rd\u00fc"},"content":{"rendered":"<p>Denizli Ticaret Odas\u0131 (DTO), emlak sekt\u00f6r\u00fcne y\u00f6nelik bilgilendirme faaliyetlerine bir yenisini daha ekledi; kentteki kay\u0131tl\u0131 gayrimenkul m\u00fc\u015favirlerini ayn\u0131 salonda bulu\u015fturdu. Emlak Dan\u0131\u015fmanl\u0131\u011f\u0131nda S\u00fcrd\u00fcr\u00fclebilir Ba\u015far\u0131n\u0131n \u0130pu\u00e7lar\u0131 ba\u015fl\u0131kl\u0131 e\u011fitim, b\u00fcy\u00fck ilgi g\u00f6rd\u00fc.<\/p>\n<p>DTO\u2019nun hizmet binas\u0131ndaki konferans salonunda ger\u00e7ekle\u015ftirilen DTO \u00d6zel Kalem ve Bas\u0131n Sorumlusu \u00d6mer Alt\u0131nta\u015f\u2019\u0131n moderat\u00f6rl\u00fc\u011f\u00fcn\u00fc yapt\u0131\u011f\u0131 etkinlikte, &#8220;Emlak Dan\u0131\u015fmanl\u0131\u011f\u0131nda S\u00fcrd\u00fcr\u00fclebilir Ba\u015far\u0131n\u0131n \u0130pu\u00e7lar\u0131&#8221; ba\u015fl\u0131kl\u0131 e\u011fitim, sekt\u00f6r\u00fc bir araya getirdi. DTO\u2019nun program\u0131, sekt\u00f6r temsilcilerinin de yo\u011fun kat\u0131l\u0131m\u0131yla ger\u00e7ekle\u015ftirildi.<\/p>\n<p>23 Nisan Ulusal Egemenlik ve \u00c7ocuk Bayram\u0131 ile T\u00fcrkiye B\u00fcy\u00fck Millet Meclisi\u2019nin a\u00e7\u0131l\u0131\u015f\u0131n\u0131n 106\u2019nc\u0131 y\u0131l d\u00f6n\u00fcm\u00fcne y\u00f6nelik kutlama mesaj\u0131yla ba\u015flayan programda daha sonra kat\u0131l\u0131mc\u0131lar, ilk TBMM Ba\u015fkan\u0131 Gazi Mustafa Kemal Atat\u00fcrk ile \u015fehitlerin an\u0131s\u0131na sayg\u0131 duru\u015funda bulunarak hep beraber \u0130stiklal Mar\u015f\u0131\u2019n\u0131 okudu.<br \/>\n<br \/>DTO\u2019nun, Denizli Emlak\u00e7\u0131lar Meslek Odas\u0131 (DEMO), T\u00fcm Emlak Dan\u0131\u015fmanlar\u0131 Birli\u011fi (TEBD) Denizli Temsilcili\u011fi, Emlakjet ve Endeksa i\u015f birli\u011fiyle d\u00fczenledi\u011fi e\u011fitimde, emlak dan\u0131\u015fmanlar\u0131na s\u00fcrd\u00fcr\u00fclebilir ba\u015far\u0131ya ula\u015fman\u0131n yollar\u0131 anlat\u0131ld\u0131.<\/p>\n<p>Kesintisiz destek ve ilgisinden dolay\u0131, Ba\u015fkan Erdo\u011fan\u2019a te\u015fekk\u00fcr etti<br \/>\n<br \/>Etkinli\u011fin a\u00e7\u0131l\u0131\u015f konu\u015fmas\u0131n\u0131, DTO Meclisi Katip \u00dcyesi ve 13\u2019\u00fcnc\u00fc Meslek Komitesi \u00dcyesi Volkan G\u00fcrsoy yapt\u0131. G\u00fcrsoy, sekt\u00f6rleri ile mensuplar\u0131na g\u00f6sterdi\u011fi yak\u0131n ilgi ve desteklerinden dolay\u0131 DTO Y\u00f6netim Kurulu Ba\u015fkan\u0131 U\u011fur Erdo\u011fan\u2019a te\u015fekk\u00fcr etti. Programda ayr\u0131ca, DEMO Ba\u015fkan\u0131 Muhammet Karata\u015f ile TEBD Denizli Temsilcisi \u0130lker Yetimo\u011flu de yer ald\u0131. Kentteki gayrimenkul m\u00fc\u015favirlerinin \u00fcye oldu\u011fu DTO\u2019nun 13\u2019\u00fcnc\u00fc Meslek Komitesi Ba\u015fkan\u0131 Co\u015fkun Emik ile Ba\u015fkan Yard\u0131mc\u0131s\u0131 Galip Erol da programa kat\u0131lan isimler aras\u0131ndayd\u0131.<\/p>\n<p>DTO \u00fcyelerine \u00f6zel kampanya d\u00fczenlendi<br \/>\n<br \/>E\u011fitim kapsam\u0131nda Endeksa E\u011fitim M\u00fcd\u00fcr\u00fc Kadir Y\u0131lmaz, sekt\u00f6rel geli\u015fmeler do\u011frultusunda i\u015f geli\u015ftirme ve b\u00fcy\u00fcme stratejileri hakk\u0131nda bilgiler payla\u015farak kurumunun etkinli\u011fe \u00f6zel kampanyas\u0131n\u0131n i\u00e7eri\u011fini anlatt\u0131. Sat\u0131\u015f K\u00fcp\u00fc yazar\u0131 ve e\u011fitmeni K\u00fcr\u015fat Tuncel ise sat\u0131\u015f, giri\u015fimcilik ve ki\u015fisel geli\u015fim alan\u0131ndaki tecr\u00fcbelerini aktararak kat\u0131l\u0131mc\u0131lara \u00f6nemli ipu\u00e7lar\u0131 verdi.<\/p>\n<p>Yo\u011fun ilgi g\u00f6ren mesleki ve ki\u015fisel geli\u015fim e\u011fitiminde, gayrimenkul m\u00fc\u015favirlerinin i\u015f hayat\u0131nda s\u00fcrd\u00fcr\u00fclebilir ba\u015far\u0131y\u0131 yakalayabilmeleri i\u00e7in gerekli temel ad\u0131mlar ayr\u0131nt\u0131lar\u0131yla payla\u015f\u0131l\u0131rken, etkinli\u011fin son b\u00f6l\u00fcm\u00fcnde kat\u0131l\u0131mc\u0131lar\u0131n sorular\u0131 da yan\u0131tland\u0131.<\/p>\n<p>G\u00fcn\u00fcn sonunda, katk\u0131lar\u0131ndan dolay\u0131 konu\u015fmac\u0131lara etkinli\u011fin an\u0131s\u0131na birer Denizli Horozu plaketi hediye edildi.<\/p>\n<p>Ba\u015fkan Erdo\u011fan, &#8220;DTO\u2019da etkinlik bitmez&#8221;<br \/>\n<br \/>Toplant\u0131 sonras\u0131nda, Denizli Ticaret Odas\u0131 (DTO) Ba\u015fkan\u0131 U\u011fur Erdo\u011fan, etkinliklerine g\u00f6sterilen yo\u011fun ilgiden dolay\u0131 \u00fcyelerine ve emeklerinden dolay\u0131 da 13\u2019\u00fcn Meslek Komitesi \u00fcyelerine te\u015fekk\u00fcr etti. Talep oldu\u011fu m\u00fcddet\u00e7e, gerek kanunlar ile mevzuattaki de\u011fi\u015fiklikler ve sekt\u00f6rel g\u00fcncel geli\u015fmeler ile yenilikler gerek ise ki\u015fisel ve mesleki geli\u015fim \u00fczerine etkinliklerinin artarak devam edece\u011fini vurgulad\u0131.<br \/><\/p>\n","protected":false},"excerpt":{"rendered":"<p>Denizli Ticaret Odas\u0131 (DTO), emlak sekt\u00f6r\u00fcne y\u00f6nelik bilgilendirme faaliyetlerine bir yenisini daha ekledi; kentteki kay\u0131tl\u0131 gayrimenkul m\u00fc\u015favirlerini ayn\u0131 salonda bulu\u015fturdu. Emlak Dan\u0131\u015fmanl\u0131\u011f\u0131nda S\u00fcrd\u00fcr\u00fclebilir Ba\u015far\u0131n\u0131n \u0130pu\u00e7lar\u0131 ba\u015fl\u0131kl\u0131 e\u011fitim, b\u00fcy\u00fck ilgi g\u00f6rd\u00fc. DTO\u2019nun hizmet binas\u0131ndaki konferans salonunda ger\u00e7ekle\u015ftirilen DTO \u00d6zel Kalem ve Bas\u0131n Sorumlusu \u00d6mer Alt\u0131nta\u015f\u2019\u0131n moderat\u00f6rl\u00fc\u011f\u00fcn\u00fc yapt\u0131\u011f\u0131 etkinlikte, &#8220;Emlak Dan\u0131\u015fmanl\u0131\u011f\u0131nda S\u00fcrd\u00fcr\u00fclebilir Ba\u015far\u0131n\u0131n \u0130pu\u00e7lar\u0131&#8221; ba\u015fl\u0131kl\u0131 e\u011fitim, sekt\u00f6r\u00fc&#8230;<\/p>\n","protected":false},"author":1,"featured_media":99567,"comment_status":"open","ping_status":"open","sticky":false,"template":"","format":"standard","meta":{"_crdt_document":"","footnotes":""},"categories":[125],"tags":[],"class_list":["post-99566","post","type-post","status-publish","format-standard","has-post-thumbnail","hentry","category-ekonomi"],"_links":{"self":[{"href":"https:\/\/www.egemtv.com\/index.php?rest_route=\/wp\/v2\/posts\/99566","targetHints":{"allow":["GET"]}}],"collection":[{"href":"https:\/\/www.egemtv.com\/index.php?rest_route=\/wp\/v2\/posts"}],"about":[{"href":"https:\/\/www.egemtv.com\/index.php?rest_route=\/wp\/v2\/types\/post"}],"author":[{"embeddable":true,"href":"https:\/\/www.egemtv.com\/index.php?rest_route=\/wp\/v2\/users\/1"}],"replies":[{"embeddable":true,"href":"https:\/\/www.egemtv.com\/index.php?rest_route=%2Fwp%2Fv2%2Fcomments&post=99566"}],"version-history":[{"count":1,"href":"https:\/\/www.egemtv.com\/index.php?rest_route=\/wp\/v2\/posts\/99566\/revisions"}],"predecessor-version":[{"id":99568,"href":"https:\/\/www.egemtv.com\/index.php?rest_route=\/wp\/v2\/posts\/99566\/revisions\/99568"}],"wp:featuredmedia":[{"embeddable":true,"href":"https:\/\/www.egemtv.com\/index.php?rest_route=\/wp\/v2\/media\/99567"}],"wp:attachment":[{"href":"https:\/\/www.egemtv.com\/index.php?rest_route=%2Fwp%2Fv2%2Fmedia&parent=99566"}],"wp:term":[{"taxonomy":"category","embeddable":true,"href":"https:\/\/www.egemtv.com\/index.php?rest_route=%2Fwp%2Fv2%2Fcategories&post=99566"},{"taxonomy":"post_tag","embeddable":true,"href":"https:\/\/www.egemtv.com\/index.php?rest_route=%2Fwp%2Fv2%2Ftags&post=99566"}],"curies":[{"name":"wp","href":"https:\/\/api.w.org\/{rel}","templated":true}]}}