{"id":99563,"date":"2026-04-29T14:35:45","date_gmt":"2026-04-29T11:35:45","guid":{"rendered":"https:\/\/www.egemtv.com\/?p=99563"},"modified":"2026-04-29T14:35:47","modified_gmt":"2026-04-29T11:35:47","slug":"mugladaki-manisalilar-derneklesti","status":"publish","type":"post","link":"https:\/\/www.egemtv.com\/?p=99563","title":{"rendered":"Mu\u011fla\u2019daki Manisal\u0131lar dernekle\u015fti"},"content":{"rendered":"<p>Mu\u011fla\u2019da ya\u015fayan Manisal\u0131lar, Mu\u011fla\u2019ya sosyal, k\u00fclt\u00fcrel ve ekonomik bir de\u011fer katmak ve bu ama\u00e7la Manisa\u2019n\u0131n sosyal, k\u00fclt\u00fcrel ve ekonomik g\u00fcc\u00fc \u00e7er\u00e7evesinde etkinlikler yapmak \u00fczere bir araya gelerek Mu\u011fla Manisal\u0131lar K\u00fclt\u00fcr ve Dayan\u0131\u015fma Derne\u011fi\u2019ni kurdu.<br \/>\n<br \/>Prof. Dr. Nam\u0131k A\u00e7\u0131kg\u00f6z, Kamuran \u00d6zel, Elif B\u00fc\u015fra Balkan, G\u00f6khan Edg\u00fcnl\u00fc, Y\u00fccel Kahraman, Selami Eke, Fatma Ada\u015f ve Rana Necla M\u00fcft\u00fco\u011flu\u2019ndan olu\u015fan dernek ge\u00e7ici Y\u00f6netim Kurulu, uzun vadede ger\u00e7ekle\u015ftirilecek etkinlikler ve ama\u00e7lar-hedefler konusunda g\u00f6r\u00fc\u015f al\u0131\u015f-veri\u015finde bulundu.<br \/>\n<br \/>Dernek \u00e7at\u0131s\u0131 alt\u0131nda bulu\u015fan Manisal\u0131lar, bu g\u00fcne kadar tespit edebildikleri yakla\u015f\u0131k Bin Manisal\u0131y\u0131 dernek \u00e7at\u0131s\u0131 alt\u0131nda bulu\u015fturmay\u0131 hedefliyor.<br \/>\n<br \/>Kamu kurumlar\u0131 ve meslek birlikleri ile i\u015f birli\u011fi yap\u0131larak \u00e7e\u015fitli toplant\u0131lar, festivaller, sosyal ve k\u00fclt\u00fcrel ama\u00e7l\u0131 birliktelikler, kampanyalar d\u00fczenleme planlan\u0131rken, Manisal\u0131lar aras\u0131 dayan\u0131\u015fma ile Mu\u011fla\u2019ya daha \u00e7ok de\u011fer katmalar\u0131 i\u00e7in dayan\u0131\u015fma yollar\u0131 a\u00e7\u0131lacak. Dernek, Manisa\u2019n\u0131n sembollerinden biri olan \u2018Anemon\u2019 ile Mu\u011fla\u2019n\u0131n sembollerinden biri olan \u2018G\u00f6\u00e7 L\u00e2lesi\u2019 karde\u015fli\u011fi bilinciyle hareket edecek.<br \/><\/p>\n","protected":false},"excerpt":{"rendered":"<p>Mu\u011fla\u2019da ya\u015fayan Manisal\u0131lar, Mu\u011fla\u2019ya sosyal, k\u00fclt\u00fcrel ve ekonomik bir de\u011fer katmak ve bu ama\u00e7la Manisa\u2019n\u0131n sosyal, k\u00fclt\u00fcrel ve ekonomik g\u00fcc\u00fc \u00e7er\u00e7evesinde etkinlikler yapmak \u00fczere bir araya gelerek Mu\u011fla Manisal\u0131lar K\u00fclt\u00fcr ve Dayan\u0131\u015fma Derne\u011fi\u2019ni kurdu. Prof. Dr. Nam\u0131k A\u00e7\u0131kg\u00f6z, Kamuran \u00d6zel, Elif B\u00fc\u015fra Balkan, G\u00f6khan Edg\u00fcnl\u00fc, Y\u00fccel Kahraman, Selami Eke, Fatma Ada\u015f ve Rana Necla M\u00fcft\u00fco\u011flu\u2019ndan&#8230;<\/p>\n","protected":false},"author":1,"featured_media":99564,"comment_status":"open","ping_status":"open","sticky":false,"template":"","format":"standard","meta":{"_crdt_document":"","footnotes":""},"categories":[1],"tags":[],"class_list":["post-99563","post","type-post","status-publish","format-standard","has-post-thumbnail","hentry","category-guncel"],"_links":{"self":[{"href":"https:\/\/www.egemtv.com\/index.php?rest_route=\/wp\/v2\/posts\/99563","targetHints":{"allow":["GET"]}}],"collection":[{"href":"https:\/\/www.egemtv.com\/index.php?rest_route=\/wp\/v2\/posts"}],"about":[{"href":"https:\/\/www.egemtv.com\/index.php?rest_route=\/wp\/v2\/types\/post"}],"author":[{"embeddable":true,"href":"https:\/\/www.egemtv.com\/index.php?rest_route=\/wp\/v2\/users\/1"}],"replies":[{"embeddable":true,"href":"https:\/\/www.egemtv.com\/index.php?rest_route=%2Fwp%2Fv2%2Fcomments&post=99563"}],"version-history":[{"count":1,"href":"https:\/\/www.egemtv.com\/index.php?rest_route=\/wp\/v2\/posts\/99563\/revisions"}],"predecessor-version":[{"id":99565,"href":"https:\/\/www.egemtv.com\/index.php?rest_route=\/wp\/v2\/posts\/99563\/revisions\/99565"}],"wp:featuredmedia":[{"embeddable":true,"href":"https:\/\/www.egemtv.com\/index.php?rest_route=\/wp\/v2\/media\/99564"}],"wp:attachment":[{"href":"https:\/\/www.egemtv.com\/index.php?rest_route=%2Fwp%2Fv2%2Fmedia&parent=99563"}],"wp:term":[{"taxonomy":"category","embeddable":true,"href":"https:\/\/www.egemtv.com\/index.php?rest_route=%2Fwp%2Fv2%2Fcategories&post=99563"},{"taxonomy":"post_tag","embeddable":true,"href":"https:\/\/www.egemtv.com\/index.php?rest_route=%2Fwp%2Fv2%2Ftags&post=99563"}],"curies":[{"name":"wp","href":"https:\/\/api.w.org\/{rel}","templated":true}]}}