{"id":99560,"date":"2026-04-29T14:00:52","date_gmt":"2026-04-29T11:00:52","guid":{"rendered":"https:\/\/www.egemtv.com\/?p=99560"},"modified":"2026-04-29T14:00:55","modified_gmt":"2026-04-29T11:00:55","slug":"bodrum-ucurtma-festivali-21-yildir-engelleri-gokyuzunde-kaldiriyor","status":"publish","type":"post","link":"https:\/\/www.egemtv.com\/?p=99560","title":{"rendered":"Bodrum u\u00e7urtma festivali 21 y\u0131ld\u0131r engelleri g\u00f6ky\u00fcz\u00fcnde kald\u0131r\u0131yor"},"content":{"rendered":"<p>Mu\u011fla\u2019n\u0131n Bodrum il\u00e7esinde bu y\u0131l 21\u2019incisi d\u00fczenlenecek Uluslararas\u0131 Bodrum U\u00e7urtma Festivali, Anneler G\u00fcn\u00fc kapsam\u0131nda binlerce ki\u015fiyi \u2019iyilik hikayeleri\u2019 etraf\u0131nda bulu\u015fturmaya haz\u0131rlan\u0131yor. 10 May\u0131s 2026 Pazar g\u00fcn\u00fc G\u00fcmbet De\u011firmenler mevkisinde ger\u00e7ekle\u015ftirilecek festival, 10.00-17.00 saatleri aras\u0131nda g\u00fcn boyu s\u00fcrecek.<\/p>\n<p>Festivalin temelleri, Miyase ve Serdar Karl\u0131ova\u2019n\u0131n bebekleri Ada\u2019y\u0131 preeklampsi nedeniyle kaybetmelerinin ard\u0131ndan ba\u015flatt\u0131klar\u0131 dayan\u0131\u015fma seferberli\u011fine dayan\u0131yor. Bir kazan ke\u015fkekle ba\u015flayan s\u00fcre\u00e7; bug\u00fcn on binlerce ki\u015finin kat\u0131ld\u0131\u011f\u0131, tamamen \u00fccretsiz ve ticari olmayan bir sosyal sorumluluk organizasyonuna d\u00f6n\u00fc\u015ft\u00fc.<\/p>\n<p>Festivalin ana mesaj\u0131 olan \u2019Engelleri G\u00f6ky\u00fcz\u00fcnde Kald\u0131r\u0131yoruz\u2019 slogan\u0131, engelli bireylerin toplumsal ya\u015fama kat\u0131l\u0131m\u0131na dikkat \u00e7ekiyor. Her y\u0131l se\u00e7ilen \u2019Y\u0131l\u0131n Engelli Annesi\u2019 ile emekler g\u00f6r\u00fcn\u00fcr k\u0131l\u0131n\u0131rken toplumda kapsay\u0131c\u0131 ya\u015fam bilinci art\u0131r\u0131l\u0131yor.<\/p>\n<p>\u0130mece usul\u00fc getirilen yiyecek ve i\u00e7eceklerle kurulan sofralar, payla\u015fma k\u00fclt\u00fcr\u00fcn\u00fc \u00f6ne \u00e7\u0131kar\u0131yor. Festival, Bodrum\u2019un sadece turizm odakl\u0131 de\u011fil, dayan\u0131\u015fma ve halk k\u00fclt\u00fcr\u00fc ile \u00f6ne \u00e7\u0131kan bir yap\u0131ya sahip oldu\u011funu da g\u00f6zler \u00f6n\u00fcne seriyor.<\/p>\n<p>Her y\u0131l 20 binden fazla kat\u0131l\u0131mc\u0131n\u0131n yer ald\u0131\u011f\u0131 festival, reklam yap\u0131lmadan dahi yo\u011fun ilgi g\u00f6r\u00fcyor. Kat\u0131l\u0131mc\u0131lar sadece izleyici de\u011fil, etkinli\u011fin aktif bir par\u00e7as\u0131 olarak deneyime d\u00e2hil oluyor.<\/p>\n<p>Festival kapsam\u0131nda elde edilen katk\u0131lar e\u011fitim projelerine aktar\u0131l\u0131yor. &#8220;Her u\u00e7urtma e\u011fitim i\u00e7in bir tu\u011fla&#8221; anlay\u0131\u015f\u0131yla \u00e7ocuklar\u0131n gelece\u011fine destek sa\u011flan\u0131yor.<\/p>\n<p>Festivalde u\u00e7urtma at\u00f6lyeleri ve yar\u0131\u015fmalar, konserler ve sahne performanslar\u0131, \u00e7ocuk etkinlik alanlar\u0131 ile \u00fccretsiz yiyecek ve i\u00e7ecek ikramlar\u0131 yer alacak. Program\u0131n sunuculu\u011funu Serdar Karl\u0131ova \u00fcstlenecek.<\/p>\n<p>Mu\u011fla Valisi Dr. \u0130dris Akb\u0131y\u0131k\u2019\u0131n ilan etti\u011fi \u2019Mu\u011fla Gen\u00e7lik Y\u0131l\u0131\u2019 kapsam\u0131nda, Bodrum Kaymakaml\u0131\u011f\u0131 i\u015f birli\u011fiyle Konac\u0131k Cahit \u00d6zvezneci \u0130lkokulunda \u2019Bodrum U\u00e7urtma Kul\u00fcb\u00fc\u2019 kurulacak. \u2019Slow Kite Fest\u2019 ve \u2019Slow Kite Day\u2019 markalar\u0131yla uluslararas\u0131 kimlik kazanmay\u0131 hedefleyen festivalin, ilerleyen y\u0131llarda d\u00fcnya \u00e7ap\u0131nda bir organizasyon olmas\u0131 ama\u00e7lan\u0131yor.<\/p>\n<p>K\u00fclt\u00fcr\u00fc ya\u015fatan, aileyi g\u00fc\u00e7lendiren ve dayan\u0131\u015fmay\u0131 b\u00fcy\u00fcten festival, sosyal etki modeliyle dikkat \u00e7ekerken, g\u00f6ky\u00fcz\u00fcnde u\u00e7an her u\u00e7urtman\u0131n bir umut oldu\u011fu festival t\u00fcm vatanda\u015flar\u0131 bu anlaml\u0131 bulu\u015fmaya davet ediyor.<br \/><\/p>\n","protected":false},"excerpt":{"rendered":"<p>Mu\u011fla\u2019n\u0131n Bodrum il\u00e7esinde bu y\u0131l 21\u2019incisi d\u00fczenlenecek Uluslararas\u0131 Bodrum U\u00e7urtma Festivali, Anneler G\u00fcn\u00fc kapsam\u0131nda binlerce ki\u015fiyi \u2019iyilik hikayeleri\u2019 etraf\u0131nda bulu\u015fturmaya haz\u0131rlan\u0131yor. 10 May\u0131s 2026 Pazar g\u00fcn\u00fc G\u00fcmbet De\u011firmenler mevkisinde ger\u00e7ekle\u015ftirilecek festival, 10.00-17.00 saatleri aras\u0131nda g\u00fcn boyu s\u00fcrecek. Festivalin temelleri, Miyase ve Serdar Karl\u0131ova\u2019n\u0131n bebekleri Ada\u2019y\u0131 preeklampsi nedeniyle kaybetmelerinin ard\u0131ndan ba\u015flatt\u0131klar\u0131 dayan\u0131\u015fma seferberli\u011fine dayan\u0131yor. Bir kazan&#8230;<\/p>\n","protected":false},"author":1,"featured_media":99561,"comment_status":"open","ping_status":"open","sticky":false,"template":"","format":"standard","meta":{"_crdt_document":"","footnotes":""},"categories":[1],"tags":[],"class_list":["post-99560","post","type-post","status-publish","format-standard","has-post-thumbnail","hentry","category-guncel"],"_links":{"self":[{"href":"https:\/\/www.egemtv.com\/index.php?rest_route=\/wp\/v2\/posts\/99560","targetHints":{"allow":["GET"]}}],"collection":[{"href":"https:\/\/www.egemtv.com\/index.php?rest_route=\/wp\/v2\/posts"}],"about":[{"href":"https:\/\/www.egemtv.com\/index.php?rest_route=\/wp\/v2\/types\/post"}],"author":[{"embeddable":true,"href":"https:\/\/www.egemtv.com\/index.php?rest_route=\/wp\/v2\/users\/1"}],"replies":[{"embeddable":true,"href":"https:\/\/www.egemtv.com\/index.php?rest_route=%2Fwp%2Fv2%2Fcomments&post=99560"}],"version-history":[{"count":1,"href":"https:\/\/www.egemtv.com\/index.php?rest_route=\/wp\/v2\/posts\/99560\/revisions"}],"predecessor-version":[{"id":99562,"href":"https:\/\/www.egemtv.com\/index.php?rest_route=\/wp\/v2\/posts\/99560\/revisions\/99562"}],"wp:featuredmedia":[{"embeddable":true,"href":"https:\/\/www.egemtv.com\/index.php?rest_route=\/wp\/v2\/media\/99561"}],"wp:attachment":[{"href":"https:\/\/www.egemtv.com\/index.php?rest_route=%2Fwp%2Fv2%2Fmedia&parent=99560"}],"wp:term":[{"taxonomy":"category","embeddable":true,"href":"https:\/\/www.egemtv.com\/index.php?rest_route=%2Fwp%2Fv2%2Fcategories&post=99560"},{"taxonomy":"post_tag","embeddable":true,"href":"https:\/\/www.egemtv.com\/index.php?rest_route=%2Fwp%2Fv2%2Ftags&post=99560"}],"curies":[{"name":"wp","href":"https:\/\/api.w.org\/{rel}","templated":true}]}}