{"id":99557,"date":"2026-04-29T13:25:48","date_gmt":"2026-04-29T10:25:48","guid":{"rendered":"https:\/\/www.egemtv.com\/?p=99557"},"modified":"2026-04-29T13:25:51","modified_gmt":"2026-04-29T10:25:51","slug":"kulada-kutul-amare-zaferinin-110-yili-kutlandi","status":"publish","type":"post","link":"https:\/\/www.egemtv.com\/?p=99557","title":{"rendered":"Kula\u2019da Kut\u2019\u00fcl Amare Zaferi\u2019nin 110.y\u0131l\u0131 kutland\u0131"},"content":{"rendered":"<p>Manisa\u2019n\u0131n Kula il\u00e7esinde Kut\u2019\u00fcl Amare Zaferi\u2019nin 110. y\u0131l d\u00f6n\u00fcm\u00fc dolay\u0131s\u0131yla program d\u00fczenlendi.<br \/>\n<br \/>Kula\u2019da Kut\u2019\u00fcl Amare Zaferi\u2019nin 110. Y\u0131l\u0131, Halit Tokul Anadolu \u0130mam Hatip Lisesi\u2019nde d\u00fczenlenen programla kutland\u0131. Program, sayg\u0131 duru\u015funda bulunulmas\u0131 ve \u0130stiklal Mar\u015f\u0131\u2019n\u0131n okunmas\u0131yla ba\u015flad\u0131. G\u00fcn\u00fcn anlam ve \u00f6nemini belirten konu\u015fmay\u0131 okulun Tarih \u00d6\u011fretmeni \u00c7i\u011fdem Kalkan yapt\u0131. Program\u0131n devam\u0131nda \u00f6\u011frenciler taraf\u0131ndan \u015fiirler okunup tiyatro g\u00f6sterileri yap\u0131ld\u0131. Program, \u00f6\u011frenciler taraf\u0131ndan haz\u0131rlanan oratoryo g\u00f6sterisinin sergilenmesi ile son buldu.<br \/>\n<br \/>Programa Kaymakam Talha Altunta\u015f, \u0130l\u00e7e Jandarma Komutan\u0131 \u00dcste\u011fmen Bayram Y\u00fcksel, \u0130l\u00e7e Emniyet M\u00fcd\u00fcr\u00fc Secaattin Aktay, Askerlik \u015eube Ba\u015fkan\u0131 Personel Astte\u011fmen Alper Aslan, \u015eube M\u00fcd\u00fcrleri Ahmet Varol ve \u0130sa Dilek, \u0130l\u00e7e Tar\u0131m M\u00fcd\u00fcr\u00fc Davut \u00d6zel, \u0130l\u00e7e N\u00fcfus M\u00fcd\u00fcr\u00fc \u00d6zg\u00fcr Demir, \u0130l\u00e7e Sa\u011fl\u0131k M\u00fcd\u00fcr\u00fc \u0130lker Adan\u0131r, \u00f6\u011fretmenler, \u00f6\u011frenciler ve vatanda\u015flar kat\u0131ld\u0131.<br \/><\/p>\n","protected":false},"excerpt":{"rendered":"<p>Manisa\u2019n\u0131n Kula il\u00e7esinde Kut\u2019\u00fcl Amare Zaferi\u2019nin 110. y\u0131l d\u00f6n\u00fcm\u00fc dolay\u0131s\u0131yla program d\u00fczenlendi. Kula\u2019da Kut\u2019\u00fcl Amare Zaferi\u2019nin 110. Y\u0131l\u0131, Halit Tokul Anadolu \u0130mam Hatip Lisesi\u2019nde d\u00fczenlenen programla kutland\u0131. Program, sayg\u0131 duru\u015funda bulunulmas\u0131 ve \u0130stiklal Mar\u015f\u0131\u2019n\u0131n okunmas\u0131yla ba\u015flad\u0131. G\u00fcn\u00fcn anlam ve \u00f6nemini belirten konu\u015fmay\u0131 okulun Tarih \u00d6\u011fretmeni \u00c7i\u011fdem Kalkan yapt\u0131. Program\u0131n devam\u0131nda \u00f6\u011frenciler taraf\u0131ndan \u015fiirler okunup tiyatro&#8230;<\/p>\n","protected":false},"author":1,"featured_media":99558,"comment_status":"open","ping_status":"open","sticky":false,"template":"","format":"standard","meta":{"_crdt_document":"","footnotes":""},"categories":[1],"tags":[],"class_list":["post-99557","post","type-post","status-publish","format-standard","has-post-thumbnail","hentry","category-guncel"],"_links":{"self":[{"href":"https:\/\/www.egemtv.com\/index.php?rest_route=\/wp\/v2\/posts\/99557","targetHints":{"allow":["GET"]}}],"collection":[{"href":"https:\/\/www.egemtv.com\/index.php?rest_route=\/wp\/v2\/posts"}],"about":[{"href":"https:\/\/www.egemtv.com\/index.php?rest_route=\/wp\/v2\/types\/post"}],"author":[{"embeddable":true,"href":"https:\/\/www.egemtv.com\/index.php?rest_route=\/wp\/v2\/users\/1"}],"replies":[{"embeddable":true,"href":"https:\/\/www.egemtv.com\/index.php?rest_route=%2Fwp%2Fv2%2Fcomments&post=99557"}],"version-history":[{"count":1,"href":"https:\/\/www.egemtv.com\/index.php?rest_route=\/wp\/v2\/posts\/99557\/revisions"}],"predecessor-version":[{"id":99559,"href":"https:\/\/www.egemtv.com\/index.php?rest_route=\/wp\/v2\/posts\/99557\/revisions\/99559"}],"wp:featuredmedia":[{"embeddable":true,"href":"https:\/\/www.egemtv.com\/index.php?rest_route=\/wp\/v2\/media\/99558"}],"wp:attachment":[{"href":"https:\/\/www.egemtv.com\/index.php?rest_route=%2Fwp%2Fv2%2Fmedia&parent=99557"}],"wp:term":[{"taxonomy":"category","embeddable":true,"href":"https:\/\/www.egemtv.com\/index.php?rest_route=%2Fwp%2Fv2%2Fcategories&post=99557"},{"taxonomy":"post_tag","embeddable":true,"href":"https:\/\/www.egemtv.com\/index.php?rest_route=%2Fwp%2Fv2%2Ftags&post=99557"}],"curies":[{"name":"wp","href":"https:\/\/api.w.org\/{rel}","templated":true}]}}