{"id":99554,"date":"2026-04-29T12:15:46","date_gmt":"2026-04-29T09:15:46","guid":{"rendered":"https:\/\/www.egemtv.com\/?p=99554"},"modified":"2026-04-29T12:15:47","modified_gmt":"2026-04-29T09:15:47","slug":"musiad-mugla-subesi-ile-mugla-ticaret-odasi-arasinda-ortak-projeler-gorusuldu","status":"publish","type":"post","link":"https:\/\/www.egemtv.com\/?p=99554","title":{"rendered":"M\u00dcS\u0130AD Mu\u011fla \u015eubesi ile Mu\u011fla Ticaret Odas\u0131 aras\u0131nda ortak projeler g\u00f6r\u00fc\u015f\u00fcld\u00fc"},"content":{"rendered":"<p>M\u00fcstakil Sanayici ve \u0130\u015fadamlar\u0131 Derne\u011fi (M\u00dcS\u0130AD) Mu\u011fla \u015eubesi ve Mu\u011fla Ticaret Odas\u0131 taraf\u0131ndan ger\u00e7ekle\u015ftirilen toplant\u0131da, Mu\u011fla\u2019n\u0131n ortak sorunlar\u0131, \u00e7\u00f6z\u00fcm \u00f6nerileri ve i\u015f birli\u011fi i\u00e7erisinde hayata ge\u00e7irilebilecek projeler ele al\u0131nd\u0131.<br \/>\n<br \/>M\u00dcS\u0130AD Y\u00f6netim Kurulu Ba\u015fkan\u0131 Nevzat Ayka\u00e7 ve y\u00f6netim kurulu ile MUTSO Y\u00f6netim Kurulu Ba\u015fkan\u0131 B\u00fclent Karaku\u015f ve y\u00f6netim kurulunun kat\u0131ld\u0131\u011f\u0131 toplant\u0131da kurumlar aras\u0131 i\u015f birli\u011finin geli\u015ftirilmesi ve Mu\u011fla i\u015f d\u00fcnyas\u0131na katk\u0131 sa\u011flayacak ortak \u00e7al\u0131\u015fmalar de\u011ferlendirildi.<br \/>\n<br \/>Verimli ge\u00e7en g\u00f6r\u00fc\u015fmede, b\u00f6lgenin ekonomik ve ticari geli\u015fimine katk\u0131 sa\u011flayacak ad\u0131mlar \u00fczerine fikir al\u0131\u015fveri\u015finde bulunuldu. Toplant\u0131da ayr\u0131ca y\u00fcr\u00fct\u00fclen \u00e7al\u0131\u015fmalar ve \u00fcyelere sunulan katk\u0131lar hakk\u0131nda bilgilendirme yap\u0131larak, kar\u015f\u0131l\u0131kl\u0131 de\u011ferlendirmeler ger\u00e7ekle\u015ftirildi.<br \/>\n<br \/>2012 y\u0131l\u0131nda kurulu\u015fu ger\u00e7ekle\u015ftirilen M\u00dcS\u0130AD Mu\u011fla \u015eubesinin 14 y\u0131lda Mu\u011fla ekonomisine ve \u00fcyelerine katk\u0131 sunmaya devam etti\u011fini belirten M\u00dcS\u0130AD Mu\u011fla \u015eube Ba\u015fkan\u0131 Nevzat Ayka\u00e7, kamu kurumlar\u0131, sivil toplum kurulu\u015flar\u0131 ve i\u015f d\u00fcnyas\u0131n\u0131n ortak ak\u0131l \u00e7er\u00e7evesinde hareket etmesinin \u00f6nemine dikkat \u00e7ekti. Ayka\u00e7, Mu\u011fla\u2019n\u0131n sahip oldu\u011fu turizm, tar\u0131m ve ticaret potansiyelinin daha etkin de\u011ferlendirilmesi gerekti\u011fini vurgulayarak, s\u00fcrd\u00fcr\u00fclebilir kalk\u0131nma i\u00e7in yerel akt\u00f6rler aras\u0131nda g\u00fc\u00e7l\u00fc bir i\u015f birli\u011fi kurulmas\u0131n\u0131n \u015fart oldu\u011funu ifade etti.<br \/><\/p>\n","protected":false},"excerpt":{"rendered":"<p>M\u00fcstakil Sanayici ve \u0130\u015fadamlar\u0131 Derne\u011fi (M\u00dcS\u0130AD) Mu\u011fla \u015eubesi ve Mu\u011fla Ticaret Odas\u0131 taraf\u0131ndan ger\u00e7ekle\u015ftirilen toplant\u0131da, Mu\u011fla\u2019n\u0131n ortak sorunlar\u0131, \u00e7\u00f6z\u00fcm \u00f6nerileri ve i\u015f birli\u011fi i\u00e7erisinde hayata ge\u00e7irilebilecek projeler ele al\u0131nd\u0131. M\u00dcS\u0130AD Y\u00f6netim Kurulu Ba\u015fkan\u0131 Nevzat Ayka\u00e7 ve y\u00f6netim kurulu ile MUTSO Y\u00f6netim Kurulu Ba\u015fkan\u0131 B\u00fclent Karaku\u015f ve y\u00f6netim kurulunun kat\u0131ld\u0131\u011f\u0131 toplant\u0131da kurumlar aras\u0131 i\u015f birli\u011finin geli\u015ftirilmesi&#8230;<\/p>\n","protected":false},"author":1,"featured_media":99555,"comment_status":"open","ping_status":"open","sticky":false,"template":"","format":"standard","meta":{"_crdt_document":"","footnotes":""},"categories":[125],"tags":[],"class_list":["post-99554","post","type-post","status-publish","format-standard","has-post-thumbnail","hentry","category-ekonomi"],"_links":{"self":[{"href":"https:\/\/www.egemtv.com\/index.php?rest_route=\/wp\/v2\/posts\/99554","targetHints":{"allow":["GET"]}}],"collection":[{"href":"https:\/\/www.egemtv.com\/index.php?rest_route=\/wp\/v2\/posts"}],"about":[{"href":"https:\/\/www.egemtv.com\/index.php?rest_route=\/wp\/v2\/types\/post"}],"author":[{"embeddable":true,"href":"https:\/\/www.egemtv.com\/index.php?rest_route=\/wp\/v2\/users\/1"}],"replies":[{"embeddable":true,"href":"https:\/\/www.egemtv.com\/index.php?rest_route=%2Fwp%2Fv2%2Fcomments&post=99554"}],"version-history":[{"count":1,"href":"https:\/\/www.egemtv.com\/index.php?rest_route=\/wp\/v2\/posts\/99554\/revisions"}],"predecessor-version":[{"id":99556,"href":"https:\/\/www.egemtv.com\/index.php?rest_route=\/wp\/v2\/posts\/99554\/revisions\/99556"}],"wp:featuredmedia":[{"embeddable":true,"href":"https:\/\/www.egemtv.com\/index.php?rest_route=\/wp\/v2\/media\/99555"}],"wp:attachment":[{"href":"https:\/\/www.egemtv.com\/index.php?rest_route=%2Fwp%2Fv2%2Fmedia&parent=99554"}],"wp:term":[{"taxonomy":"category","embeddable":true,"href":"https:\/\/www.egemtv.com\/index.php?rest_route=%2Fwp%2Fv2%2Fcategories&post=99554"},{"taxonomy":"post_tag","embeddable":true,"href":"https:\/\/www.egemtv.com\/index.php?rest_route=%2Fwp%2Fv2%2Ftags&post=99554"}],"curies":[{"name":"wp","href":"https:\/\/api.w.org\/{rel}","templated":true}]}}