{"id":99551,"date":"2026-04-29T12:15:45","date_gmt":"2026-04-29T09:15:45","guid":{"rendered":"https:\/\/www.egemtv.com\/?p=99551"},"modified":"2026-04-29T12:15:46","modified_gmt":"2026-04-29T09:15:46","slug":"aydin-buyuksehir-akbuk-yolunu-yeniliyor","status":"publish","type":"post","link":"https:\/\/www.egemtv.com\/?p=99551","title":{"rendered":"Ayd\u0131n B\u00fcy\u00fck\u015fehir Akb\u00fck yolunu yeniliyor"},"content":{"rendered":"<p>Ayd\u0131n B\u00fcy\u00fck\u015fehir Belediyesi Akb\u00fck Mahallesi\u2019ne ula\u015f\u0131m\u0131 sa\u011flayan ana yolda asfalt serim \u00e7al\u0131\u015fmalar\u0131na ba\u015flad\u0131.<br \/>\n<br \/>Ayd\u0131n B\u00fcy\u00fck\u015fehir Belediye Ba\u015fkan\u0131 \u00d6zlem \u00c7er\u00e7io\u011flu\u2019nun \u00f6nc\u00fcl\u00fc\u011f\u00fcnde Ayd\u0131n\u2019\u0131n d\u00f6rt bir yan\u0131nda hayata ge\u00e7irilen yat\u0131r\u0131m, \u00e7al\u0131\u015fma, hizmet ve projeler devam ediyor.<br \/>\n<br \/>Ayd\u0131n B\u00fcy\u00fck\u015fehir Belediyesi Fen \u0130\u015fleri Dairesi Ba\u015fkanl\u0131\u011f\u0131 ekipleri, Didim il\u00e7esi Akb\u00fck Mahallesi\u2019ne ula\u015f\u0131m\u0131 sa\u011flayan ana yolda asfalt serim \u00e7al\u0131\u015fmalar\u0131na ba\u015flad\u0131. B\u00f6lgeye kazand\u0131r\u0131lan altyap\u0131 yat\u0131r\u0131mlar\u0131n\u0131n ard\u0131ndan ger\u00e7ekle\u015ftirilen yol yenileme \u00e7al\u0131\u015fmalar\u0131 s\u00fcrerken asfalt serimi ile e\u015f zamanl\u0131 olarak kald\u0131r\u0131m yap\u0131m\u0131 da ger\u00e7ekle\u015ftiriliyor. G\u00fczergahta sinyalizasyon, trafik levha d\u00fczenlemeleri ve yol \u00e7izgi \u00e7al\u0131\u015fmalar\u0131 da ger\u00e7ekle\u015ftirilecek. \u00c7al\u0131\u015fmalar\u0131n tamamlanmas\u0131n\u0131n ard\u0131ndan yol, yenilenmi\u015f haliyle vatanda\u015flar\u0131n hizmetine sunulacak.<br \/>\n<br \/>T\u00fcm il\u00e7elerde yat\u0131r\u0131m, proje ve \u00e7al\u0131\u015fmalar\u0131n devam edece\u011fini belirten Ayd\u0131n B\u00fcy\u00fck\u015fehir Belediye Ba\u015fkan\u0131 \u00d6zlem \u00c7er\u00e7io\u011flu, &#8220;Ayd\u0131n\u0131m\u0131z\u0131n t\u00fcm il\u00e7elerinde ula\u015f\u0131m altyap\u0131s\u0131n\u0131 g\u00fc\u00e7lendiren yat\u0131r\u0131mlar\u0131m\u0131z\u0131 e\u015f zamanl\u0131 olarak hayata ge\u00e7iriyoruz. Hizmetlerimizi vatanda\u015flar\u0131m\u0131zla bulu\u015fturuyor, projelerimizi kentimize kazand\u0131r\u0131yoruz. Ayd\u0131n\u0131m\u0131z i\u00e7in \u00fcretmeye devam edece\u011fiz. Hizmetle b\u00fcy\u00fcyen Ayd\u0131n&#8221; ifadelerini kulland\u0131.<br \/><\/p>\n","protected":false},"excerpt":{"rendered":"<p>Ayd\u0131n B\u00fcy\u00fck\u015fehir Belediyesi Akb\u00fck Mahallesi\u2019ne ula\u015f\u0131m\u0131 sa\u011flayan ana yolda asfalt serim \u00e7al\u0131\u015fmalar\u0131na ba\u015flad\u0131. Ayd\u0131n B\u00fcy\u00fck\u015fehir Belediye Ba\u015fkan\u0131 \u00d6zlem \u00c7er\u00e7io\u011flu\u2019nun \u00f6nc\u00fcl\u00fc\u011f\u00fcnde Ayd\u0131n\u2019\u0131n d\u00f6rt bir yan\u0131nda hayata ge\u00e7irilen yat\u0131r\u0131m, \u00e7al\u0131\u015fma, hizmet ve projeler devam ediyor. Ayd\u0131n B\u00fcy\u00fck\u015fehir Belediyesi Fen \u0130\u015fleri Dairesi Ba\u015fkanl\u0131\u011f\u0131 ekipleri, Didim il\u00e7esi Akb\u00fck Mahallesi\u2019ne ula\u015f\u0131m\u0131 sa\u011flayan ana yolda asfalt serim \u00e7al\u0131\u015fmalar\u0131na ba\u015flad\u0131. B\u00f6lgeye kazand\u0131r\u0131lan&#8230;<\/p>\n","protected":false},"author":1,"featured_media":99552,"comment_status":"open","ping_status":"open","sticky":false,"template":"","format":"standard","meta":{"_crdt_document":"","footnotes":""},"categories":[1],"tags":[],"class_list":["post-99551","post","type-post","status-publish","format-standard","has-post-thumbnail","hentry","category-guncel"],"_links":{"self":[{"href":"https:\/\/www.egemtv.com\/index.php?rest_route=\/wp\/v2\/posts\/99551","targetHints":{"allow":["GET"]}}],"collection":[{"href":"https:\/\/www.egemtv.com\/index.php?rest_route=\/wp\/v2\/posts"}],"about":[{"href":"https:\/\/www.egemtv.com\/index.php?rest_route=\/wp\/v2\/types\/post"}],"author":[{"embeddable":true,"href":"https:\/\/www.egemtv.com\/index.php?rest_route=\/wp\/v2\/users\/1"}],"replies":[{"embeddable":true,"href":"https:\/\/www.egemtv.com\/index.php?rest_route=%2Fwp%2Fv2%2Fcomments&post=99551"}],"version-history":[{"count":1,"href":"https:\/\/www.egemtv.com\/index.php?rest_route=\/wp\/v2\/posts\/99551\/revisions"}],"predecessor-version":[{"id":99553,"href":"https:\/\/www.egemtv.com\/index.php?rest_route=\/wp\/v2\/posts\/99551\/revisions\/99553"}],"wp:featuredmedia":[{"embeddable":true,"href":"https:\/\/www.egemtv.com\/index.php?rest_route=\/wp\/v2\/media\/99552"}],"wp:attachment":[{"href":"https:\/\/www.egemtv.com\/index.php?rest_route=%2Fwp%2Fv2%2Fmedia&parent=99551"}],"wp:term":[{"taxonomy":"category","embeddable":true,"href":"https:\/\/www.egemtv.com\/index.php?rest_route=%2Fwp%2Fv2%2Fcategories&post=99551"},{"taxonomy":"post_tag","embeddable":true,"href":"https:\/\/www.egemtv.com\/index.php?rest_route=%2Fwp%2Fv2%2Ftags&post=99551"}],"curies":[{"name":"wp","href":"https:\/\/api.w.org\/{rel}","templated":true}]}}