{"id":99548,"date":"2026-04-29T11:05:47","date_gmt":"2026-04-29T08:05:47","guid":{"rendered":"https:\/\/www.egemtv.com\/?p=99548"},"modified":"2026-04-29T11:05:48","modified_gmt":"2026-04-29T08:05:48","slug":"salihli-kaymakami-guldogan-gelecegin-hukukculariyla-bulustu","status":"publish","type":"post","link":"https:\/\/www.egemtv.com\/?p=99548","title":{"rendered":"Salihli Kaymakam\u0131 G\u00fcldo\u011fan, gelece\u011fin hukuk\u00e7ular\u0131yla bulu\u015ftu"},"content":{"rendered":"<p>Manisa\u2019n\u0131n Salihli il\u00e7e Kaymakam\u0131 Ali G\u00fcldo\u011fan, Bal\u0131kesir \u00dcniversitesi Hukuk Fak\u00fcltesi taraf\u0131ndan d\u00fczenlenen &#8220;Hukuk Mesleklerinde Kariyer G\u00fcnleri&#8221; etkinli\u011fine konuk oldu.<br \/>\n<br \/>\u00dcniversitenin Kongre Merkezi Malazgirt Salonu\u2019nda, &#8220;Hukuk Fak\u00fcltesi \u00f6\u011frencileri ve profesyonel hukuk\u00e7ular bir arada&#8221; slogan\u0131yla ger\u00e7ekle\u015ftirilen etkinlik, \u00f6\u011frencilerden yo\u011fun ilgi g\u00f6rd\u00fc. Programda konu\u015fan Kaymakam G\u00fcldo\u011fan, hukuk mesleklerinin dinamikleri ile sahadaki uygulama tecr\u00fcbelerini \u00f6\u011frencilerle payla\u015ft\u0131.<br \/>\n<br \/>Kariyer yolculu\u011funa dair \u00f6nemli bilgiler aktaran G\u00fcldo\u011fan, mesleki deneyimlerini anlatarak gelece\u011fin hukuk\u00e7ular\u0131na tavsiyelerde bulundu.<br \/>\n<br \/>Kaymakam G\u00fcldo\u011fan, &#8220;Hukuk Mesleklerinde Kariyer G\u00fcnleri etkinli\u011finde gelece\u011fin hukuk\u00e7ular\u0131yla bir araya gelerek kariyer mesleklerine dair tecr\u00fcbelerimizi aktard\u0131k. Program\u0131n haz\u0131rlanmas\u0131nda eme\u011fi ge\u00e7enlere te\u015fekk\u00fcr ediyorum&#8221; dedi.<br \/><\/p>\n","protected":false},"excerpt":{"rendered":"<p>Manisa\u2019n\u0131n Salihli il\u00e7e Kaymakam\u0131 Ali G\u00fcldo\u011fan, Bal\u0131kesir \u00dcniversitesi Hukuk Fak\u00fcltesi taraf\u0131ndan d\u00fczenlenen &#8220;Hukuk Mesleklerinde Kariyer G\u00fcnleri&#8221; etkinli\u011fine konuk oldu. \u00dcniversitenin Kongre Merkezi Malazgirt Salonu\u2019nda, &#8220;Hukuk Fak\u00fcltesi \u00f6\u011frencileri ve profesyonel hukuk\u00e7ular bir arada&#8221; slogan\u0131yla ger\u00e7ekle\u015ftirilen etkinlik, \u00f6\u011frencilerden yo\u011fun ilgi g\u00f6rd\u00fc. Programda konu\u015fan Kaymakam G\u00fcldo\u011fan, hukuk mesleklerinin dinamikleri ile sahadaki uygulama tecr\u00fcbelerini \u00f6\u011frencilerle payla\u015ft\u0131. Kariyer yolculu\u011funa dair&#8230;<\/p>\n","protected":false},"author":1,"featured_media":99549,"comment_status":"open","ping_status":"open","sticky":false,"template":"","format":"standard","meta":{"_crdt_document":"","footnotes":""},"categories":[1],"tags":[],"class_list":["post-99548","post","type-post","status-publish","format-standard","has-post-thumbnail","hentry","category-guncel"],"_links":{"self":[{"href":"https:\/\/www.egemtv.com\/index.php?rest_route=\/wp\/v2\/posts\/99548","targetHints":{"allow":["GET"]}}],"collection":[{"href":"https:\/\/www.egemtv.com\/index.php?rest_route=\/wp\/v2\/posts"}],"about":[{"href":"https:\/\/www.egemtv.com\/index.php?rest_route=\/wp\/v2\/types\/post"}],"author":[{"embeddable":true,"href":"https:\/\/www.egemtv.com\/index.php?rest_route=\/wp\/v2\/users\/1"}],"replies":[{"embeddable":true,"href":"https:\/\/www.egemtv.com\/index.php?rest_route=%2Fwp%2Fv2%2Fcomments&post=99548"}],"version-history":[{"count":1,"href":"https:\/\/www.egemtv.com\/index.php?rest_route=\/wp\/v2\/posts\/99548\/revisions"}],"predecessor-version":[{"id":99550,"href":"https:\/\/www.egemtv.com\/index.php?rest_route=\/wp\/v2\/posts\/99548\/revisions\/99550"}],"wp:featuredmedia":[{"embeddable":true,"href":"https:\/\/www.egemtv.com\/index.php?rest_route=\/wp\/v2\/media\/99549"}],"wp:attachment":[{"href":"https:\/\/www.egemtv.com\/index.php?rest_route=%2Fwp%2Fv2%2Fmedia&parent=99548"}],"wp:term":[{"taxonomy":"category","embeddable":true,"href":"https:\/\/www.egemtv.com\/index.php?rest_route=%2Fwp%2Fv2%2Fcategories&post=99548"},{"taxonomy":"post_tag","embeddable":true,"href":"https:\/\/www.egemtv.com\/index.php?rest_route=%2Fwp%2Fv2%2Ftags&post=99548"}],"curies":[{"name":"wp","href":"https:\/\/api.w.org\/{rel}","templated":true}]}}