{"id":99542,"date":"2026-04-29T10:30:50","date_gmt":"2026-04-29T07:30:50","guid":{"rendered":"https:\/\/www.egemtv.com\/?p=99542"},"modified":"2026-04-29T10:30:52","modified_gmt":"2026-04-29T07:30:52","slug":"elektrik-dagitim-sektorunun-iklim-rolu-ve-yatirim-plani-cop31-gundeminde","status":"publish","type":"post","link":"https:\/\/www.egemtv.com\/?p=99542","title":{"rendered":"Elektrik da\u011f\u0131t\u0131m sekt\u00f6r\u00fcn\u00fcn iklim rol\u00fc ve yat\u0131r\u0131m plan\u0131 COP31 g\u00fcndeminde"},"content":{"rendered":"<p>K\u00fcresel iklim de\u011fi\u015fikli\u011fi ve enerji d\u00f6n\u00fc\u015f\u00fcm\u00fc hedefleri do\u011frultusunda elektrik da\u011f\u0131t\u0131m \u015febekeleri, Birle\u015fmi\u015f Milletler \u0130klim De\u011fi\u015fikli\u011fi \u00c7er\u00e7eve S\u00f6zle\u015fmesi 31. Taraflar Konferans\u0131 (COP31) g\u00fcndemine ta\u015f\u0131n\u0131yor. Elektrik Da\u011f\u0131t\u0131m Hizmetleri Derne\u011fi (Elder) Genel Sekreteri Fakir H\u00fcseyin Erdo\u011fan, \u015febekelerin k\u00fcresel iklim g\u00fcndeminde daha g\u00fc\u00e7l\u00fc yer almas\u0131 amac\u0131yla kapsaml\u0131 bir \u00e7al\u0131\u015fma y\u00fcr\u00fctt\u00fcklerini belirtti.<br \/>\n<br \/>Sekt\u00f6r temsilcileri kas\u0131m ay\u0131nda Antalya\u2019da d\u00fczenlenecek COP31 i\u00e7in haz\u0131rl\u0131klara ba\u015flad\u0131. K\u00fcresel s\u0131cakl\u0131k art\u0131\u015f\u0131n\u0131 1,5 dereceyle s\u0131n\u0131rland\u0131rma hedefi, yenilenebilir enerji entegrasyonu ve enerji d\u00f6n\u00fc\u015f\u00fcm\u00fc ba\u015fl\u0131klar\u0131yla \u00f6ne \u00e7\u0131kan COP s\u00fcre\u00e7lerinde, elektrik da\u011f\u0131t\u0131m \u015febekelerinin daha yap\u0131land\u0131r\u0131lm\u0131\u015f bir ba\u015fl\u0131k alt\u0131nda ele al\u0131nmas\u0131 hedefleniyor. \u0130zmir\u2019de GDZ Elektrik Da\u011f\u0131t\u0131m A.\u015e. tesislerine d\u00fczenlenen saha ziyareti kapsam\u0131nda bas\u0131n mensuplar\u0131yla bir araya gelen Elder Genel Sekreteri Fakir H\u00fcseyin Erdo\u011fan, net s\u0131f\u0131r hedeflerine ula\u015fmada da\u011f\u0131t\u0131m \u015febekelerinin kritik bir g\u00f6rev \u00fcstlendi\u011fini ifade etti. Elder\u2019in COP s\u00fcrecine akredite sivil toplum kurulu\u015flar\u0131ndan biri oldu\u011funa dikkati \u00e7eken Erdo\u011fan, &#8220;COP31 kapsam\u0131nda \u015febekelerin ve \u00f6zellikle elektrik da\u011f\u0131t\u0131m \u015febekelerinin daha yap\u0131land\u0131r\u0131lm\u0131\u015f bir ba\u015fl\u0131k alt\u0131nda ele al\u0131nmas\u0131n\u0131 arzu ediyoruz. Bu do\u011frultuda \u00e7al\u0131\u015fmalar\u0131m\u0131z\u0131 ba\u015flatt\u0131k&#8221; dedi.<br \/>\n<br \/>Elektrik da\u011f\u0131t\u0131m sekt\u00f6r\u00fcnde t\u00fcketicilere kesintisiz enerji sunmak i\u00e7in \u015febekelere s\u00fcrekli yat\u0131r\u0131m yap\u0131ld\u0131\u011f\u0131n\u0131 belirten Erdo\u011fan, ge\u00e7ti\u011fimiz y\u0131l da\u011f\u0131t\u0131m \u015firketlerinin yakla\u015f\u0131k 2,5 milyar dolarl\u0131k yat\u0131r\u0131m ger\u00e7ekle\u015ftirdi\u011fini bildirdi. Erdo\u011fan, &#8220;1 Ocak\u2019ta ba\u015flayan 5. tarife uygulama d\u00f6nemimizdeki 5 y\u0131ll\u0131k s\u00fcre\u00e7te 19 milyar dolar\u0131n \u00fczerinde bir yat\u0131r\u0131m yap\u0131lmas\u0131 s\u00f6z konusu olup zaman i\u00e7erisinde ilave ihtiya\u00e7larla bu rakam\u0131n 20 milyar dolar\u0131 rahatl\u0131kla bulaca\u011f\u0131n\u0131 \u00f6ng\u00f6r\u00fcyoruz. Bunun \u00fczerine planl\u0131 bak\u0131m kapsam\u0131nda olan 3. seviye bak\u0131mlar\u0131 da ekledi\u011fimizde 2030 y\u0131l\u0131na kadar toplamda 22 milyar dolarl\u0131k bir yat\u0131r\u0131m yap\u0131labilece\u011fini hesapl\u0131yoruz. 2026 y\u0131l\u0131 itibar\u0131yla ba\u015flad\u0131\u011f\u0131m\u0131z bu s\u00fcre\u00e7te da\u011f\u0131t\u0131m \u015firketlerimiz faaliyetlerine ba\u015flad\u0131lar&#8221; ifadelerini kulland\u0131.<\/p>\n<p>Tarife oranlar\u0131 ve altyap\u0131 istatistikleri<br \/>\n<br \/>Nihai faturadaki da\u011f\u0131t\u0131m bedeli i\u00e7inde iletim tarifesinden kaynaklanan yakla\u015f\u0131k y\u00fczde 13-15 d\u00fczeyinde bir pay bulundu\u011funu s\u00f6yleyen Erdo\u011fan, g\u00fcnl\u00fck 8 kilovatsaatin alt\u0131ndaki mesken t\u00fcketimlerinde da\u011f\u0131t\u0131m pay\u0131n\u0131n y\u00fczde 74,9, bu s\u0131n\u0131r\u0131n \u00fczerindeki t\u00fcketimlerde y\u00fczde 49,9 ve sanayi abonelerinde ise y\u00fczde 23,9 seviyesinde oldu\u011funu bildirdi. T\u00fcrkiye genelindeki yakla\u015f\u0131k 1,5 milyon kilometrelik elektrik da\u011f\u0131t\u0131m hatt\u0131n\u0131n 67 bin kilometrelik k\u0131sm\u0131n\u0131n ormanl\u0131k alanlardan ge\u00e7ti\u011fini aktaran Erdo\u011fan, bu b\u00f6lgelerde orman yang\u0131nlar\u0131na kar\u015f\u0131 ilgili kurumlarla i\u015f birli\u011fi yap\u0131larak bak\u0131m planlamalar\u0131n\u0131n y\u00fcr\u00fct\u00fcld\u00fc\u011f\u00fcn\u00fc kaydetti.<br \/><\/p>\n","protected":false},"excerpt":{"rendered":"<p>K\u00fcresel iklim de\u011fi\u015fikli\u011fi ve enerji d\u00f6n\u00fc\u015f\u00fcm\u00fc hedefleri do\u011frultusunda elektrik da\u011f\u0131t\u0131m \u015febekeleri, Birle\u015fmi\u015f Milletler \u0130klim De\u011fi\u015fikli\u011fi \u00c7er\u00e7eve S\u00f6zle\u015fmesi 31. Taraflar Konferans\u0131 (COP31) g\u00fcndemine ta\u015f\u0131n\u0131yor. Elektrik Da\u011f\u0131t\u0131m Hizmetleri Derne\u011fi (Elder) Genel Sekreteri Fakir H\u00fcseyin Erdo\u011fan, \u015febekelerin k\u00fcresel iklim g\u00fcndeminde daha g\u00fc\u00e7l\u00fc yer almas\u0131 amac\u0131yla kapsaml\u0131 bir \u00e7al\u0131\u015fma y\u00fcr\u00fctt\u00fcklerini belirtti. Sekt\u00f6r temsilcileri kas\u0131m ay\u0131nda Antalya\u2019da d\u00fczenlenecek COP31 i\u00e7in&#8230;<\/p>\n","protected":false},"author":1,"featured_media":99543,"comment_status":"open","ping_status":"open","sticky":false,"template":"","format":"standard","meta":{"_crdt_document":"","footnotes":""},"categories":[125],"tags":[],"class_list":["post-99542","post","type-post","status-publish","format-standard","has-post-thumbnail","hentry","category-ekonomi"],"_links":{"self":[{"href":"https:\/\/www.egemtv.com\/index.php?rest_route=\/wp\/v2\/posts\/99542","targetHints":{"allow":["GET"]}}],"collection":[{"href":"https:\/\/www.egemtv.com\/index.php?rest_route=\/wp\/v2\/posts"}],"about":[{"href":"https:\/\/www.egemtv.com\/index.php?rest_route=\/wp\/v2\/types\/post"}],"author":[{"embeddable":true,"href":"https:\/\/www.egemtv.com\/index.php?rest_route=\/wp\/v2\/users\/1"}],"replies":[{"embeddable":true,"href":"https:\/\/www.egemtv.com\/index.php?rest_route=%2Fwp%2Fv2%2Fcomments&post=99542"}],"version-history":[{"count":1,"href":"https:\/\/www.egemtv.com\/index.php?rest_route=\/wp\/v2\/posts\/99542\/revisions"}],"predecessor-version":[{"id":99544,"href":"https:\/\/www.egemtv.com\/index.php?rest_route=\/wp\/v2\/posts\/99542\/revisions\/99544"}],"wp:featuredmedia":[{"embeddable":true,"href":"https:\/\/www.egemtv.com\/index.php?rest_route=\/wp\/v2\/media\/99543"}],"wp:attachment":[{"href":"https:\/\/www.egemtv.com\/index.php?rest_route=%2Fwp%2Fv2%2Fmedia&parent=99542"}],"wp:term":[{"taxonomy":"category","embeddable":true,"href":"https:\/\/www.egemtv.com\/index.php?rest_route=%2Fwp%2Fv2%2Fcategories&post=99542"},{"taxonomy":"post_tag","embeddable":true,"href":"https:\/\/www.egemtv.com\/index.php?rest_route=%2Fwp%2Fv2%2Ftags&post=99542"}],"curies":[{"name":"wp","href":"https:\/\/api.w.org\/{rel}","templated":true}]}}