{"id":99539,"date":"2026-04-29T10:30:48","date_gmt":"2026-04-29T07:30:48","guid":{"rendered":"https:\/\/www.egemtv.com\/?p=99539"},"modified":"2026-04-29T10:30:50","modified_gmt":"2026-04-29T07:30:50","slug":"bolgesel-kalkinma-hedefleri-usakta-masaya-yatirildi","status":"publish","type":"post","link":"https:\/\/www.egemtv.com\/?p=99539","title":{"rendered":"B\u00f6lgesel kalk\u0131nma hedefleri U\u015fak\u2019ta masaya yat\u0131r\u0131ld\u0131"},"content":{"rendered":"<p>Zafer Kalk\u0131nma Ajans\u0131\u2019n\u0131n 2026 y\u0131l\u0131 2. Y\u00f6netim Kurulu Toplant\u0131s\u0131, U\u015fak\u2019ta ger\u00e7ekle\u015ftirildi. Toplant\u0131ya, K\u00fctahya Valisi Musa I\u015f\u0131n ba\u015fkanl\u0131k etti. Toplant\u0131ya ev sahipli\u011fi yapan Serdar Kartal, b\u00f6lgesel kalk\u0131nma \u00e7al\u0131\u015fmalar\u0131n\u0131n iller aras\u0131 i\u015f birli\u011fiyle daha g\u00fc\u00e7l\u00fc bir \u015fekilde ilerledi\u011fini vurgulad\u0131.<br \/>\n<br \/>Toplant\u0131da, TR33 B\u00f6lgesi kapsam\u0131nda y\u00fcr\u00fct\u00fclen mevcut projeler detayl\u0131 \u015fekilde de\u011ferlendirildi. B\u00f6lgenin sanayi, tar\u0131m, turizm ve giri\u015fimcilik alanlar\u0131ndaki potansiyelinin daha etkin kullan\u0131lmas\u0131 i\u00e7in at\u0131labilecek ad\u0131mlar ele al\u0131nd\u0131.<br \/>\n<br \/>\u00d6zellikle yat\u0131r\u0131m ortam\u0131n\u0131n iyile\u015ftirilmesi, \u00fcretim kapasitesinin art\u0131r\u0131lmas\u0131 ve istihdam\u0131n desteklenmesine y\u00f6nelik planlamalar \u00fczerinde duruldu.<br \/>\n<br \/>Toplant\u0131ya; Afyonkarahisar Valisi Dr. Naci Akta\u015f, K\u00fctahya Valisi Musa I\u015f\u0131n, U\u015fak Valisi Serdar Kartal, K\u00fctahya Belediye Ba\u015fkan\u0131m\u0131z Ey\u00fcp Kahveci, U\u015fak Belediye Ba\u015fkan Vekili Hatice Terekeci \u00d6zkan, Afyonkarahisar \u0130l Genel Meclis Ba\u015fkan\u0131 Mehmet Siper, K\u00fctahya \u0130l Genel Meclis Ba\u015fkan\u0131 Muammer \u00d6zcura, U\u015fak \u0130l Genel Meclis Ba\u015fkan\u0131 Aynur Yurtsever, Afyonkarahisar Ticaret ve Sanayi Odas\u0131 Ba\u015fkan\u0131 H\u00fcsn\u00fc Serteser, U\u015fak Ticaret ve Sanayi Odas\u0131 Ba\u015fkan\u0131 Suat Selim Kandemir ve Genel Sekreter Kutlu Eser kat\u0131l\u0131m sa\u011flad\u0131.<br \/><\/p>\n","protected":false},"excerpt":{"rendered":"<p>Zafer Kalk\u0131nma Ajans\u0131\u2019n\u0131n 2026 y\u0131l\u0131 2. Y\u00f6netim Kurulu Toplant\u0131s\u0131, U\u015fak\u2019ta ger\u00e7ekle\u015ftirildi. Toplant\u0131ya, K\u00fctahya Valisi Musa I\u015f\u0131n ba\u015fkanl\u0131k etti. Toplant\u0131ya ev sahipli\u011fi yapan Serdar Kartal, b\u00f6lgesel kalk\u0131nma \u00e7al\u0131\u015fmalar\u0131n\u0131n iller aras\u0131 i\u015f birli\u011fiyle daha g\u00fc\u00e7l\u00fc bir \u015fekilde ilerledi\u011fini vurgulad\u0131. Toplant\u0131da, TR33 B\u00f6lgesi kapsam\u0131nda y\u00fcr\u00fct\u00fclen mevcut projeler detayl\u0131 \u015fekilde de\u011ferlendirildi. B\u00f6lgenin sanayi, tar\u0131m, turizm ve giri\u015fimcilik alanlar\u0131ndaki potansiyelinin&#8230;<\/p>\n","protected":false},"author":1,"featured_media":99540,"comment_status":"open","ping_status":"open","sticky":false,"template":"","format":"standard","meta":{"_crdt_document":"","footnotes":""},"categories":[123],"tags":[],"class_list":["post-99539","post","type-post","status-publish","format-standard","has-post-thumbnail","hentry","category-gundem"],"_links":{"self":[{"href":"https:\/\/www.egemtv.com\/index.php?rest_route=\/wp\/v2\/posts\/99539","targetHints":{"allow":["GET"]}}],"collection":[{"href":"https:\/\/www.egemtv.com\/index.php?rest_route=\/wp\/v2\/posts"}],"about":[{"href":"https:\/\/www.egemtv.com\/index.php?rest_route=\/wp\/v2\/types\/post"}],"author":[{"embeddable":true,"href":"https:\/\/www.egemtv.com\/index.php?rest_route=\/wp\/v2\/users\/1"}],"replies":[{"embeddable":true,"href":"https:\/\/www.egemtv.com\/index.php?rest_route=%2Fwp%2Fv2%2Fcomments&post=99539"}],"version-history":[{"count":1,"href":"https:\/\/www.egemtv.com\/index.php?rest_route=\/wp\/v2\/posts\/99539\/revisions"}],"predecessor-version":[{"id":99541,"href":"https:\/\/www.egemtv.com\/index.php?rest_route=\/wp\/v2\/posts\/99539\/revisions\/99541"}],"wp:featuredmedia":[{"embeddable":true,"href":"https:\/\/www.egemtv.com\/index.php?rest_route=\/wp\/v2\/media\/99540"}],"wp:attachment":[{"href":"https:\/\/www.egemtv.com\/index.php?rest_route=%2Fwp%2Fv2%2Fmedia&parent=99539"}],"wp:term":[{"taxonomy":"category","embeddable":true,"href":"https:\/\/www.egemtv.com\/index.php?rest_route=%2Fwp%2Fv2%2Fcategories&post=99539"},{"taxonomy":"post_tag","embeddable":true,"href":"https:\/\/www.egemtv.com\/index.php?rest_route=%2Fwp%2Fv2%2Ftags&post=99539"}],"curies":[{"name":"wp","href":"https:\/\/api.w.org\/{rel}","templated":true}]}}