{"id":99530,"date":"2026-04-29T09:20:42","date_gmt":"2026-04-29T06:20:42","guid":{"rendered":"https:\/\/www.egemtv.com\/?p=99530"},"modified":"2026-04-29T09:20:43","modified_gmt":"2026-04-29T06:20:43","slug":"herkes-belediye-baskani-olarakisportaci-teyze-ise-musteri-olarak-gordu","status":"publish","type":"post","link":"https:\/\/www.egemtv.com\/?p=99530","title":{"rendered":"Herkes belediye ba\u015fkan\u0131 olarak,i\u015fportac\u0131 teyze ise  m\u00fc\u015fteri olarak g\u00f6rd\u00fc"},"content":{"rendered":"<p>Ayd\u0131n\u2019da i\u015fportac\u0131l\u0131k yaparak ge\u00e7imini kazanan 65 ya\u015flar\u0131ndaki bir kad\u0131n, yapt\u0131\u011f\u0131 giri\u015fimle mesleklerde bak\u0131\u015f a\u00e7\u0131s\u0131n\u0131n ne kadar \u00f6nemli oldu\u011funu g\u00f6sterdi. Bir t\u00f6ren dolay\u0131s\u0131yla Abide Kav\u015fa\u011f\u0131\u2019ndaki parka gelen Efeler Belediye Ba\u015fkan\u0131 An\u0131l Yeti\u015fkin\u2019i m\u00fc\u015fteri olarak bakan i\u015fportac\u0131 Selma Teyze, t\u00f6ren ortas\u0131nda Belediye Ba\u015fkan\u0131\u2019na sat\u0131\u015f yapt\u0131. Ba\u015fkan Yeti\u015fkin, adeta yakas\u0131n\u0131 b\u0131rakmayan kad\u0131ndan al\u0131\u015fveri\u015fini yap\u0131p paras\u0131n\u0131 \u00f6dedikten sonra program\u0131na devam etti.<br \/>\n<br \/>Ayd\u0131n Gazeteciler Cemiyeti ile Efeler Belediyesi\u2019nin ge\u00e7en y\u0131l ge\u00e7irdi\u011fi kalp krizi sonras\u0131 hayat\u0131n\u0131 gen\u00e7 ya\u015fta kaybeden Gazeteciler Cemiyeti Ba\u015fkan\u0131 Erman \u00c7etin\u2019i anmak ve ani kalp krizlerinde ilk m\u00fcdahalenin daha erken yap\u0131lmas\u0131n\u0131 sa\u011flamak amac\u0131yla ger\u00e7ekle\u015ftirdi\u011fi projenin a\u00e7\u0131l\u0131\u015f\u0131 gazeteciler ve Efeler Belediye Ba\u015fkan\u0131 An\u0131l Yeti\u015fikin\u2019in de kat\u0131l\u0131m\u0131 ile ger\u00e7ekle\u015ftirildi.<br \/>\n<br \/>Lokma hayr\u0131n\u0131n da ger\u00e7ekle\u015ftirildi\u011fi programda b\u00f6lgede yakla\u015f\u0131k 15 y\u0131ld\u0131r i\u015fportac\u0131l\u0131k yapan 65 ya\u015flar\u0131ndaki Selma Sayar, adeta meslekte ustal\u0131\u011f\u0131n\u0131 konu\u015fturdu. M\u00fc\u015fteri olarak g\u00f6rd\u00fc\u011f\u00fc Efeler Belediye Ba\u015fkan\u0131 An\u0131l Yeti\u015fkin\u2019in yan\u0131na sokulan Selma Teyze, hi\u00e7 kimseye dinlemeden i\u015fine odaklan\u0131p Ba\u015fkan\u2019a yara band\u0131 ve mendil satmay\u0131 ba\u015fard\u0131.<br \/>\n<br \/>Sat\u0131\u015f i\u015flemini tamamlay\u0131p paras\u0131n\u0131 ald\u0131ktan sonra i\u015fportac\u0131 Selma teyze herkesin \u015fa\u015fk\u0131n bak\u0131\u015flar\u0131 aras\u0131nda yeni m\u00fc\u015fteri aramak i\u00e7in alandan ayr\u0131ld\u0131.<br \/><\/p>\n","protected":false},"excerpt":{"rendered":"<p>Ayd\u0131n\u2019da i\u015fportac\u0131l\u0131k yaparak ge\u00e7imini kazanan 65 ya\u015flar\u0131ndaki bir kad\u0131n, yapt\u0131\u011f\u0131 giri\u015fimle mesleklerde bak\u0131\u015f a\u00e7\u0131s\u0131n\u0131n ne kadar \u00f6nemli oldu\u011funu g\u00f6sterdi. Bir t\u00f6ren dolay\u0131s\u0131yla Abide Kav\u015fa\u011f\u0131\u2019ndaki parka gelen Efeler Belediye Ba\u015fkan\u0131 An\u0131l Yeti\u015fkin\u2019i m\u00fc\u015fteri olarak bakan i\u015fportac\u0131 Selma Teyze, t\u00f6ren ortas\u0131nda Belediye Ba\u015fkan\u0131\u2019na sat\u0131\u015f yapt\u0131. Ba\u015fkan Yeti\u015fkin, adeta yakas\u0131n\u0131 b\u0131rakmayan kad\u0131ndan al\u0131\u015fveri\u015fini yap\u0131p paras\u0131n\u0131 \u00f6dedikten sonra program\u0131na&#8230;<\/p>\n","protected":false},"author":1,"featured_media":99531,"comment_status":"open","ping_status":"open","sticky":false,"template":"","format":"standard","meta":{"_crdt_document":"","footnotes":""},"categories":[123],"tags":[],"class_list":["post-99530","post","type-post","status-publish","format-standard","has-post-thumbnail","hentry","category-gundem"],"_links":{"self":[{"href":"https:\/\/www.egemtv.com\/index.php?rest_route=\/wp\/v2\/posts\/99530","targetHints":{"allow":["GET"]}}],"collection":[{"href":"https:\/\/www.egemtv.com\/index.php?rest_route=\/wp\/v2\/posts"}],"about":[{"href":"https:\/\/www.egemtv.com\/index.php?rest_route=\/wp\/v2\/types\/post"}],"author":[{"embeddable":true,"href":"https:\/\/www.egemtv.com\/index.php?rest_route=\/wp\/v2\/users\/1"}],"replies":[{"embeddable":true,"href":"https:\/\/www.egemtv.com\/index.php?rest_route=%2Fwp%2Fv2%2Fcomments&post=99530"}],"version-history":[{"count":1,"href":"https:\/\/www.egemtv.com\/index.php?rest_route=\/wp\/v2\/posts\/99530\/revisions"}],"predecessor-version":[{"id":99532,"href":"https:\/\/www.egemtv.com\/index.php?rest_route=\/wp\/v2\/posts\/99530\/revisions\/99532"}],"wp:featuredmedia":[{"embeddable":true,"href":"https:\/\/www.egemtv.com\/index.php?rest_route=\/wp\/v2\/media\/99531"}],"wp:attachment":[{"href":"https:\/\/www.egemtv.com\/index.php?rest_route=%2Fwp%2Fv2%2Fmedia&parent=99530"}],"wp:term":[{"taxonomy":"category","embeddable":true,"href":"https:\/\/www.egemtv.com\/index.php?rest_route=%2Fwp%2Fv2%2Fcategories&post=99530"},{"taxonomy":"post_tag","embeddable":true,"href":"https:\/\/www.egemtv.com\/index.php?rest_route=%2Fwp%2Fv2%2Ftags&post=99530"}],"curies":[{"name":"wp","href":"https:\/\/api.w.org\/{rel}","templated":true}]}}