{"id":99527,"date":"2026-04-29T09:20:41","date_gmt":"2026-04-29T06:20:41","guid":{"rendered":"https:\/\/www.egemtv.com\/?p=99527"},"modified":"2026-04-29T09:20:42","modified_gmt":"2026-04-29T06:20:42","slug":"kurek-sorfu-icin-acildilar-geri-donemediler","status":"publish","type":"post","link":"https:\/\/www.egemtv.com\/?p=99527","title":{"rendered":"K\u00fcrek s\u00f6rf\u00fc i\u00e7in a\u00e7\u0131ld\u0131lar, geri d\u00f6nemediler"},"content":{"rendered":"<p>Ayd\u0131n\u2019\u0131n Didim il\u00e7esinde k\u00fcrek s\u00f6rf\u00fc i\u00e7in denize a\u00e7\u0131lan ve geri d\u00f6nemeyen iki \u015fahs\u0131n yard\u0131m\u0131na Sahil G\u00fcvenlik ekipleri yeti\u015fti.<\/p>\n<p>Edinilen bilgiye g\u00f6re, Didim \u00f6nlerinden 2 \u015fahs\u0131n k\u00fcrek s\u00f6rf\u00fc ile denize a\u00e7\u0131ld\u0131\u011f\u0131 ve geri d\u00f6nemedi\u011fi bilgisinin al\u0131nmas\u0131 \u00fczerine ba\u015flat\u0131lan arama kurtarma faaliyetleri neticesinde bahse konu \u015fah\u0131slar Sahil G\u00fcvenlik Botu \u00fczerine al\u0131narak Didim Liman\u0131\u2019na intikal ettirildi. \u015eah\u0131slar\u0131n sa\u011fl\u0131k durumlar\u0131n\u0131n iyi oldu\u011fu \u00f6\u011frenildi.<br \/><\/p>\n","protected":false},"excerpt":{"rendered":"<p>Ayd\u0131n\u2019\u0131n Didim il\u00e7esinde k\u00fcrek s\u00f6rf\u00fc i\u00e7in denize a\u00e7\u0131lan ve geri d\u00f6nemeyen iki \u015fahs\u0131n yard\u0131m\u0131na Sahil G\u00fcvenlik ekipleri yeti\u015fti. Edinilen bilgiye g\u00f6re, Didim \u00f6nlerinden 2 \u015fahs\u0131n k\u00fcrek s\u00f6rf\u00fc ile denize a\u00e7\u0131ld\u0131\u011f\u0131 ve geri d\u00f6nemedi\u011fi bilgisinin al\u0131nmas\u0131 \u00fczerine ba\u015flat\u0131lan arama kurtarma faaliyetleri neticesinde bahse konu \u015fah\u0131slar Sahil G\u00fcvenlik Botu \u00fczerine al\u0131narak Didim Liman\u0131\u2019na intikal ettirildi. \u015eah\u0131slar\u0131n sa\u011fl\u0131k&#8230;<\/p>\n","protected":false},"author":1,"featured_media":99528,"comment_status":"open","ping_status":"open","sticky":false,"template":"","format":"standard","meta":{"_crdt_document":"","footnotes":""},"categories":[5],"tags":[],"class_list":["post-99527","post","type-post","status-publish","format-standard","has-post-thumbnail","hentry","category-asayis"],"_links":{"self":[{"href":"https:\/\/www.egemtv.com\/index.php?rest_route=\/wp\/v2\/posts\/99527","targetHints":{"allow":["GET"]}}],"collection":[{"href":"https:\/\/www.egemtv.com\/index.php?rest_route=\/wp\/v2\/posts"}],"about":[{"href":"https:\/\/www.egemtv.com\/index.php?rest_route=\/wp\/v2\/types\/post"}],"author":[{"embeddable":true,"href":"https:\/\/www.egemtv.com\/index.php?rest_route=\/wp\/v2\/users\/1"}],"replies":[{"embeddable":true,"href":"https:\/\/www.egemtv.com\/index.php?rest_route=%2Fwp%2Fv2%2Fcomments&post=99527"}],"version-history":[{"count":1,"href":"https:\/\/www.egemtv.com\/index.php?rest_route=\/wp\/v2\/posts\/99527\/revisions"}],"predecessor-version":[{"id":99529,"href":"https:\/\/www.egemtv.com\/index.php?rest_route=\/wp\/v2\/posts\/99527\/revisions\/99529"}],"wp:featuredmedia":[{"embeddable":true,"href":"https:\/\/www.egemtv.com\/index.php?rest_route=\/wp\/v2\/media\/99528"}],"wp:attachment":[{"href":"https:\/\/www.egemtv.com\/index.php?rest_route=%2Fwp%2Fv2%2Fmedia&parent=99527"}],"wp:term":[{"taxonomy":"category","embeddable":true,"href":"https:\/\/www.egemtv.com\/index.php?rest_route=%2Fwp%2Fv2%2Fcategories&post=99527"},{"taxonomy":"post_tag","embeddable":true,"href":"https:\/\/www.egemtv.com\/index.php?rest_route=%2Fwp%2Fv2%2Ftags&post=99527"}],"curies":[{"name":"wp","href":"https:\/\/api.w.org\/{rel}","templated":true}]}}