{"id":99524,"date":"2026-04-29T08:45:30","date_gmt":"2026-04-29T05:45:30","guid":{"rendered":"https:\/\/www.egemtv.com\/?p=99524"},"modified":"2026-04-29T08:45:31","modified_gmt":"2026-04-29T05:45:31","slug":"aydinda-kanatli-uretimi-71-isletmede-suruyor","status":"publish","type":"post","link":"https:\/\/www.egemtv.com\/?p=99524","title":{"rendered":"Ayd\u0131n\u2019da kanatl\u0131 \u00fcretimi 71 i\u015fletmede s\u00fcr\u00fcyor"},"content":{"rendered":"<p>Ayd\u0131n genelindeki 71 kanatl\u0131 i\u015fletmenin 166 k\u00fcmesinde \u00fcretim s\u00fcrd\u00fcr\u00fcl\u00fcrken, \u0130l Tar\u0131m ve Orman M\u00fcd\u00fcrl\u00fc\u011f\u00fc sekt\u00f6r\u00fcn g\u00fc\u00e7l\u00fc yap\u0131s\u0131n\u0131 korudu\u011funu bildirdi.<\/p>\n<p>Ayd\u0131n\u2019da kanatl\u0131 hayvanc\u0131l\u0131k sekt\u00f6r\u00fc, mevcut kapasitesi ve \u00fcretim g\u00fcc\u00fcyle faaliyetlerini s\u00fcrd\u00fcr\u00fcyor. \u0130l genelinde faaliyet g\u00f6steren 71 kanatl\u0131 i\u015fletmesinde toplam 166 k\u00fcmes ile \u00fcretim devam ederken, sekt\u00f6r g\u00fc\u00e7l\u00fc yap\u0131s\u0131n\u0131 koruyor. Ayd\u0131n \u0130l Tar\u0131m ve Orman M\u00fcd\u00fcrl\u00fc\u011f\u00fc verilerine g\u00f6re kentte 2 dam\u0131zl\u0131k, 57 broiler (et\u00e7i) ve 12 yumurtac\u0131 i\u015fletme aktif olarak \u00fcretim ger\u00e7ekle\u015ftiriyor. Kanatl\u0131 \u00fcretiminin hem ekonomik katk\u0131 hem de g\u0131da arz\u0131 a\u00e7\u0131s\u0131ndan \u00f6nemli bir yere sahip oldu\u011fu vurgulan\u0131rken, \u00fcretimin s\u00fcrd\u00fcr\u00fclebilirli\u011fi i\u00e7in \u00e7al\u0131\u015fmalar\u0131n aral\u0131ks\u0131z s\u00fcrd\u00fc\u011f\u00fc belirtildi. Sahadaki inceleme ve ziyaretlerin devam etti\u011fini ifade eden Ayd\u0131n \u0130l Tar\u0131m ve Orman M\u00fcd\u00fcrl\u00fc\u011f\u00fc\u2019nden yap\u0131lan a\u00e7\u0131klamada, \u00fcreticilerin desteklenmesi ve sekt\u00f6r\u00fcn geli\u015fiminin sa\u011flanmas\u0131 ad\u0131na \u00e7al\u0131\u015fmalar\u0131n kararl\u0131l\u0131kla y\u00fcr\u00fct\u00fcld\u00fc\u011f\u00fc belirtildi.<br \/><\/p>\n","protected":false},"excerpt":{"rendered":"<p>Ayd\u0131n genelindeki 71 kanatl\u0131 i\u015fletmenin 166 k\u00fcmesinde \u00fcretim s\u00fcrd\u00fcr\u00fcl\u00fcrken, \u0130l Tar\u0131m ve Orman M\u00fcd\u00fcrl\u00fc\u011f\u00fc sekt\u00f6r\u00fcn g\u00fc\u00e7l\u00fc yap\u0131s\u0131n\u0131 korudu\u011funu bildirdi. Ayd\u0131n\u2019da kanatl\u0131 hayvanc\u0131l\u0131k sekt\u00f6r\u00fc, mevcut kapasitesi ve \u00fcretim g\u00fcc\u00fcyle faaliyetlerini s\u00fcrd\u00fcr\u00fcyor. \u0130l genelinde faaliyet g\u00f6steren 71 kanatl\u0131 i\u015fletmesinde toplam 166 k\u00fcmes ile \u00fcretim devam ederken, sekt\u00f6r g\u00fc\u00e7l\u00fc yap\u0131s\u0131n\u0131 koruyor. Ayd\u0131n \u0130l Tar\u0131m ve Orman M\u00fcd\u00fcrl\u00fc\u011f\u00fc verilerine&#8230;<\/p>\n","protected":false},"author":1,"featured_media":99525,"comment_status":"open","ping_status":"open","sticky":false,"template":"","format":"standard","meta":{"_crdt_document":"","footnotes":""},"categories":[125],"tags":[],"class_list":["post-99524","post","type-post","status-publish","format-standard","has-post-thumbnail","hentry","category-ekonomi"],"_links":{"self":[{"href":"https:\/\/www.egemtv.com\/index.php?rest_route=\/wp\/v2\/posts\/99524","targetHints":{"allow":["GET"]}}],"collection":[{"href":"https:\/\/www.egemtv.com\/index.php?rest_route=\/wp\/v2\/posts"}],"about":[{"href":"https:\/\/www.egemtv.com\/index.php?rest_route=\/wp\/v2\/types\/post"}],"author":[{"embeddable":true,"href":"https:\/\/www.egemtv.com\/index.php?rest_route=\/wp\/v2\/users\/1"}],"replies":[{"embeddable":true,"href":"https:\/\/www.egemtv.com\/index.php?rest_route=%2Fwp%2Fv2%2Fcomments&post=99524"}],"version-history":[{"count":1,"href":"https:\/\/www.egemtv.com\/index.php?rest_route=\/wp\/v2\/posts\/99524\/revisions"}],"predecessor-version":[{"id":99526,"href":"https:\/\/www.egemtv.com\/index.php?rest_route=\/wp\/v2\/posts\/99524\/revisions\/99526"}],"wp:featuredmedia":[{"embeddable":true,"href":"https:\/\/www.egemtv.com\/index.php?rest_route=\/wp\/v2\/media\/99525"}],"wp:attachment":[{"href":"https:\/\/www.egemtv.com\/index.php?rest_route=%2Fwp%2Fv2%2Fmedia&parent=99524"}],"wp:term":[{"taxonomy":"category","embeddable":true,"href":"https:\/\/www.egemtv.com\/index.php?rest_route=%2Fwp%2Fv2%2Fcategories&post=99524"},{"taxonomy":"post_tag","embeddable":true,"href":"https:\/\/www.egemtv.com\/index.php?rest_route=%2Fwp%2Fv2%2Ftags&post=99524"}],"curies":[{"name":"wp","href":"https:\/\/api.w.org\/{rel}","templated":true}]}}