{"id":99521,"date":"2026-04-29T08:45:29","date_gmt":"2026-04-29T05:45:29","guid":{"rendered":"https:\/\/www.egemtv.com\/?p=99521"},"modified":"2026-04-29T08:45:30","modified_gmt":"2026-04-29T05:45:30","slug":"yetenek-taramalari-ile-genclerin-potansiyeli-ortaya-cikiyor","status":"publish","type":"post","link":"https:\/\/www.egemtv.com\/?p=99521","title":{"rendered":"Yetenek taramalar\u0131 ile gen\u00e7lerin potansiyeli ortaya \u00e7\u0131k\u0131yor"},"content":{"rendered":"<p>Ayd\u0131n\u2019da her y\u0131l ger\u00e7ekle\u015ftirilen yetenek taramas\u0131 ile gelece\u011fin sporcular\u0131 ke\u015ffedilirken, \u00e7ocuklar\u0131n potansiyeli de ortaya \u00e7\u0131k\u0131yor. Bu kapsamda saha \u00e7al\u0131\u015fmalar\u0131n\u0131 s\u00fcrd\u00fcren yetenek avc\u0131lar\u0131 Kuyucak\u2019ta genel tarama testi ger\u00e7ekle\u015ftirdi.<br \/>\n<br \/>Gen\u00e7lik ve Spor Bakanl\u0131\u011f\u0131 ile Milli E\u011fitim Bakanl\u0131\u011f\u0131\u2019n\u0131n ortakla\u015fa hayata ge\u00e7irdi\u011fi T\u00fcrkiye Sportif Yetenek Taramas\u0131 ve Spora Y\u00f6nlendirme Program\u0131 ile Ayd\u0131n\u2019da da gelece\u011fin \u015fampiyon sporcular\u0131, gizli yeteneklere sahip \u00f6\u011frencileri tespit ediliyor. Ayd\u0131n Gen\u00e7lik ve Spor \u0130l M\u00fcd\u00fcrl\u00fc\u011f\u00fc koordinesinde uzman antren\u00f6rler taraf\u0131ndan y\u00fcr\u00fct\u00fclen genel tarama testleri aral\u0131ks\u0131z s\u00fcr\u00fcyor. Proje \u00e7er\u00e7evesinde ad\u0131m ad\u0131m Ayd\u0131n\u2019\u0131n il\u00e7elerini gezen yetenek avc\u0131lar\u0131, bilimsel y\u00f6ntemler kullanarak yap\u0131lan \u00f6l\u00e7\u00fcmler sonucunda spora yatk\u0131nl\u0131\u011f\u0131 olan \u00f6\u011frencileri belirlerken, Kuyucak il\u00e7esinde yap\u0131lan genel tarama testi ile \u00e7ocuklar\u0131n potansiyelleri ke\u015ffedildi. Konu ile ilgili Ayd\u0131n Gen\u00e7lik ve Spor \u0130l M\u00fcd\u00fcrl\u00fc\u011f\u00fc\u2019nden yap\u0131lan a\u00e7\u0131klamada &#8220;Kuyucak\u2019ta gelece\u011fin sporcular\u0131 ke\u015ffediliyor. Yetenek Taramas\u0131 ve Spora Y\u00f6nlendirme Program\u0131 kapsam\u0131nda 3. s\u0131n\u0131f \u00f6\u011frencilerimize y\u00f6nelik genel tarama testlerimiz t\u00fcm h\u0131z\u0131yla s\u00fcr\u00fcyor&#8221; ifadeleri yer ald\u0131.<br \/><\/p>\n","protected":false},"excerpt":{"rendered":"<p>Ayd\u0131n\u2019da her y\u0131l ger\u00e7ekle\u015ftirilen yetenek taramas\u0131 ile gelece\u011fin sporcular\u0131 ke\u015ffedilirken, \u00e7ocuklar\u0131n potansiyeli de ortaya \u00e7\u0131k\u0131yor. Bu kapsamda saha \u00e7al\u0131\u015fmalar\u0131n\u0131 s\u00fcrd\u00fcren yetenek avc\u0131lar\u0131 Kuyucak\u2019ta genel tarama testi ger\u00e7ekle\u015ftirdi. Gen\u00e7lik ve Spor Bakanl\u0131\u011f\u0131 ile Milli E\u011fitim Bakanl\u0131\u011f\u0131\u2019n\u0131n ortakla\u015fa hayata ge\u00e7irdi\u011fi T\u00fcrkiye Sportif Yetenek Taramas\u0131 ve Spora Y\u00f6nlendirme Program\u0131 ile Ayd\u0131n\u2019da da gelece\u011fin \u015fampiyon sporcular\u0131, gizli yeteneklere sahip&#8230;<\/p>\n","protected":false},"author":1,"featured_media":99522,"comment_status":"open","ping_status":"open","sticky":false,"template":"","format":"standard","meta":{"_crdt_document":"","footnotes":""},"categories":[4],"tags":[],"class_list":["post-99521","post","type-post","status-publish","format-standard","has-post-thumbnail","hentry","category-spor"],"_links":{"self":[{"href":"https:\/\/www.egemtv.com\/index.php?rest_route=\/wp\/v2\/posts\/99521","targetHints":{"allow":["GET"]}}],"collection":[{"href":"https:\/\/www.egemtv.com\/index.php?rest_route=\/wp\/v2\/posts"}],"about":[{"href":"https:\/\/www.egemtv.com\/index.php?rest_route=\/wp\/v2\/types\/post"}],"author":[{"embeddable":true,"href":"https:\/\/www.egemtv.com\/index.php?rest_route=\/wp\/v2\/users\/1"}],"replies":[{"embeddable":true,"href":"https:\/\/www.egemtv.com\/index.php?rest_route=%2Fwp%2Fv2%2Fcomments&post=99521"}],"version-history":[{"count":1,"href":"https:\/\/www.egemtv.com\/index.php?rest_route=\/wp\/v2\/posts\/99521\/revisions"}],"predecessor-version":[{"id":99523,"href":"https:\/\/www.egemtv.com\/index.php?rest_route=\/wp\/v2\/posts\/99521\/revisions\/99523"}],"wp:featuredmedia":[{"embeddable":true,"href":"https:\/\/www.egemtv.com\/index.php?rest_route=\/wp\/v2\/media\/99522"}],"wp:attachment":[{"href":"https:\/\/www.egemtv.com\/index.php?rest_route=%2Fwp%2Fv2%2Fmedia&parent=99521"}],"wp:term":[{"taxonomy":"category","embeddable":true,"href":"https:\/\/www.egemtv.com\/index.php?rest_route=%2Fwp%2Fv2%2Fcategories&post=99521"},{"taxonomy":"post_tag","embeddable":true,"href":"https:\/\/www.egemtv.com\/index.php?rest_route=%2Fwp%2Fv2%2Ftags&post=99521"}],"curies":[{"name":"wp","href":"https:\/\/api.w.org\/{rel}","templated":true}]}}