{"id":99518,"date":"2026-04-28T22:15:50","date_gmt":"2026-04-28T19:15:50","guid":{"rendered":"https:\/\/www.egemtv.com\/?p=99518"},"modified":"2026-04-28T22:15:51","modified_gmt":"2026-04-28T19:15:51","slug":"denizlide-hafriyat-kamyonu-devrildi-1-olu","status":"publish","type":"post","link":"https:\/\/www.egemtv.com\/?p=99518","title":{"rendered":"Denizli\u2019de hafriyat kamyonu devrildi: 1 \u00f6l\u00fc"},"content":{"rendered":"<p>DEN\u0130ZL\u0130 (\u0130HA) \u2013 Denizli\u2019nin \u00c7ameli il\u00e7esinde ya\u011f\u0131\u015f sonras\u0131 kayganla\u015fan yolda devrilen hafriyat kamyonunun s\u00fcr\u00fcc\u00fcs\u00fc hayat\u0131n\u0131 kaybetti.<br \/>\n<br \/>Edinilen bilgilere g\u00f6re, Ahmet Gencer idaresindeki 20 E 4360 plakal\u0131 kamyon, Fethiye\u2013\u00c7ameli karayolu Kirazl\u0131yayla Mahallesi mevkiine geldi\u011finde ya\u011f\u0131\u015f sonras\u0131 kayganla\u015fan yolda kontrolden \u00e7\u0131kt\u0131. Kamyon, yan d\u00f6nerek yola devrildi. Arac\u0131n kabininde s\u0131k\u0131\u015fan s\u00fcr\u00fcc\u00fc a\u011f\u0131r yaraland\u0131.<br \/>\n<br \/>\u0130hbar \u00fczerine olay yerine sa\u011fl\u0131k, jandarma ve itfaiye ekipleri sevk edildi. Ekipler taraf\u0131ndan s\u0131k\u0131\u015ft\u0131\u011f\u0131 yerden \u00e7\u0131kar\u0131lan s\u00fcr\u00fcc\u00fc, yap\u0131lan t\u00fcm m\u00fcdahalelere ra\u011fmen kurtar\u0131lamad\u0131. Devrilen kamyonun kald\u0131r\u0131lmas\u0131 i\u00e7in \u00e7al\u0131\u015fma ba\u015flat\u0131l\u0131rken, kazayla ilgili inceleme s\u00fcr\u00fcyor.<br \/><\/p>\n","protected":false},"excerpt":{"rendered":"<p>DEN\u0130ZL\u0130 (\u0130HA) \u2013 Denizli\u2019nin \u00c7ameli il\u00e7esinde ya\u011f\u0131\u015f sonras\u0131 kayganla\u015fan yolda devrilen hafriyat kamyonunun s\u00fcr\u00fcc\u00fcs\u00fc hayat\u0131n\u0131 kaybetti. Edinilen bilgilere g\u00f6re, Ahmet Gencer idaresindeki 20 E 4360 plakal\u0131 kamyon, Fethiye\u2013\u00c7ameli karayolu Kirazl\u0131yayla Mahallesi mevkiine geldi\u011finde ya\u011f\u0131\u015f sonras\u0131 kayganla\u015fan yolda kontrolden \u00e7\u0131kt\u0131. Kamyon, yan d\u00f6nerek yola devrildi. Arac\u0131n kabininde s\u0131k\u0131\u015fan s\u00fcr\u00fcc\u00fc a\u011f\u0131r yaraland\u0131. \u0130hbar \u00fczerine olay yerine sa\u011fl\u0131k,&#8230;<\/p>\n","protected":false},"author":1,"featured_media":99519,"comment_status":"open","ping_status":"open","sticky":false,"template":"","format":"standard","meta":{"_crdt_document":"","footnotes":""},"categories":[5],"tags":[],"class_list":["post-99518","post","type-post","status-publish","format-standard","has-post-thumbnail","hentry","category-asayis"],"_links":{"self":[{"href":"https:\/\/www.egemtv.com\/index.php?rest_route=\/wp\/v2\/posts\/99518","targetHints":{"allow":["GET"]}}],"collection":[{"href":"https:\/\/www.egemtv.com\/index.php?rest_route=\/wp\/v2\/posts"}],"about":[{"href":"https:\/\/www.egemtv.com\/index.php?rest_route=\/wp\/v2\/types\/post"}],"author":[{"embeddable":true,"href":"https:\/\/www.egemtv.com\/index.php?rest_route=\/wp\/v2\/users\/1"}],"replies":[{"embeddable":true,"href":"https:\/\/www.egemtv.com\/index.php?rest_route=%2Fwp%2Fv2%2Fcomments&post=99518"}],"version-history":[{"count":1,"href":"https:\/\/www.egemtv.com\/index.php?rest_route=\/wp\/v2\/posts\/99518\/revisions"}],"predecessor-version":[{"id":99520,"href":"https:\/\/www.egemtv.com\/index.php?rest_route=\/wp\/v2\/posts\/99518\/revisions\/99520"}],"wp:featuredmedia":[{"embeddable":true,"href":"https:\/\/www.egemtv.com\/index.php?rest_route=\/wp\/v2\/media\/99519"}],"wp:attachment":[{"href":"https:\/\/www.egemtv.com\/index.php?rest_route=%2Fwp%2Fv2%2Fmedia&parent=99518"}],"wp:term":[{"taxonomy":"category","embeddable":true,"href":"https:\/\/www.egemtv.com\/index.php?rest_route=%2Fwp%2Fv2%2Fcategories&post=99518"},{"taxonomy":"post_tag","embeddable":true,"href":"https:\/\/www.egemtv.com\/index.php?rest_route=%2Fwp%2Fv2%2Ftags&post=99518"}],"curies":[{"name":"wp","href":"https:\/\/api.w.org\/{rel}","templated":true}]}}