{"id":99515,"date":"2026-04-28T22:15:48","date_gmt":"2026-04-28T19:15:48","guid":{"rendered":"https:\/\/www.egemtv.com\/?p=99515"},"modified":"2026-04-28T22:15:50","modified_gmt":"2026-04-28T19:15:50","slug":"kontrolden-cikan-tir-devrildi-1-yarali","status":"publish","type":"post","link":"https:\/\/www.egemtv.com\/?p=99515","title":{"rendered":"Kontrolden \u00e7\u0131kan t\u0131r devrildi: 1 yaral\u0131"},"content":{"rendered":"<p>Manisa\u2019n\u0131n Kula il\u00e7esinde kontrolden \u00e7\u0131kan t\u0131r\u0131n ref\u00fcje \u00e7arparak devrildi\u011fi kazada 1 ki\u015fi yaraland\u0131. Kaza nedeniyle \u0130zmir-Ankara D300 karayolunda trafik ak\u0131\u015f\u0131 bir s\u00fcre kontroll\u00fc olarak tek \u015feritten sa\u011fland\u0131.<br \/>\n<br \/>Kaza, saat 19.45 s\u0131ralar\u0131nda \u0130zmir &#8211; Ankara D300 karayolu \u00fczerinde, Peribacalar\u0131 mevkii yak\u0131nlar\u0131nda bulunan G\u00fcvercinlik Rampalar\u0131\u2019nda meydana geldi. Edinilen bilgilere g\u00f6re, \u0130zmir istikametinden U\u015fak y\u00f6n\u00fcne seyir halinde olan Mehmet Murat K. (62) idaresindeki 76 AJ 328 plakal\u0131 t\u0131r, s\u00fcr\u00fcc\u00fcs\u00fcn\u00fcn direksiyon hakimiyetini kaybetmesi sonucu kontrolden \u00e7\u0131kt\u0131. Savrulan ara\u00e7, ref\u00fcjdeki bariyerlere \u00e7arparak devrildi. Kazay\u0131 g\u00f6renlerin 112 Acil \u00c7a\u011fr\u0131 Merkezi\u2019ne bildirmesi \u00fczerine olay yerine itfaiye, ambulans ve polis ekipleri sevk edildi. Yaral\u0131 s\u00fcr\u00fcc\u00fc olay yerinde yap\u0131lan ilk m\u00fcdahalenin ard\u0131ndan 112 Acil Servis Ekipleri vas\u0131tas\u0131yla Kula Devlet Hastanesi\u2019ne kald\u0131r\u0131ld\u0131. S\u00fcr\u00fcc\u00fcn\u00fcn hayati tehlikesinin olmad\u0131\u011f\u0131 \u00f6\u011frenildi.<br \/>\n<br \/>\u00d6te yandan \u0130zmir &#8211; Ankara D300 karayolunda trafik ak\u0131\u015f\u0131 her iki y\u00f6nde de tek \u015feritten sa\u011fland\u0131.<br \/>\n<br \/>Kaza ile ilgili soru\u015fturma ba\u015flat\u0131ld\u0131.<br \/><\/p>\n","protected":false},"excerpt":{"rendered":"<p>Manisa\u2019n\u0131n Kula il\u00e7esinde kontrolden \u00e7\u0131kan t\u0131r\u0131n ref\u00fcje \u00e7arparak devrildi\u011fi kazada 1 ki\u015fi yaraland\u0131. Kaza nedeniyle \u0130zmir-Ankara D300 karayolunda trafik ak\u0131\u015f\u0131 bir s\u00fcre kontroll\u00fc olarak tek \u015feritten sa\u011fland\u0131. Kaza, saat 19.45 s\u0131ralar\u0131nda \u0130zmir &#8211; Ankara D300 karayolu \u00fczerinde, Peribacalar\u0131 mevkii yak\u0131nlar\u0131nda bulunan G\u00fcvercinlik Rampalar\u0131\u2019nda meydana geldi. Edinilen bilgilere g\u00f6re, \u0130zmir istikametinden U\u015fak y\u00f6n\u00fcne seyir halinde olan&#8230;<\/p>\n","protected":false},"author":1,"featured_media":99516,"comment_status":"open","ping_status":"open","sticky":false,"template":"","format":"standard","meta":{"_crdt_document":"","footnotes":""},"categories":[5],"tags":[],"class_list":["post-99515","post","type-post","status-publish","format-standard","has-post-thumbnail","hentry","category-asayis"],"_links":{"self":[{"href":"https:\/\/www.egemtv.com\/index.php?rest_route=\/wp\/v2\/posts\/99515","targetHints":{"allow":["GET"]}}],"collection":[{"href":"https:\/\/www.egemtv.com\/index.php?rest_route=\/wp\/v2\/posts"}],"about":[{"href":"https:\/\/www.egemtv.com\/index.php?rest_route=\/wp\/v2\/types\/post"}],"author":[{"embeddable":true,"href":"https:\/\/www.egemtv.com\/index.php?rest_route=\/wp\/v2\/users\/1"}],"replies":[{"embeddable":true,"href":"https:\/\/www.egemtv.com\/index.php?rest_route=%2Fwp%2Fv2%2Fcomments&post=99515"}],"version-history":[{"count":1,"href":"https:\/\/www.egemtv.com\/index.php?rest_route=\/wp\/v2\/posts\/99515\/revisions"}],"predecessor-version":[{"id":99517,"href":"https:\/\/www.egemtv.com\/index.php?rest_route=\/wp\/v2\/posts\/99515\/revisions\/99517"}],"wp:featuredmedia":[{"embeddable":true,"href":"https:\/\/www.egemtv.com\/index.php?rest_route=\/wp\/v2\/media\/99516"}],"wp:attachment":[{"href":"https:\/\/www.egemtv.com\/index.php?rest_route=%2Fwp%2Fv2%2Fmedia&parent=99515"}],"wp:term":[{"taxonomy":"category","embeddable":true,"href":"https:\/\/www.egemtv.com\/index.php?rest_route=%2Fwp%2Fv2%2Fcategories&post=99515"},{"taxonomy":"post_tag","embeddable":true,"href":"https:\/\/www.egemtv.com\/index.php?rest_route=%2Fwp%2Fv2%2Ftags&post=99515"}],"curies":[{"name":"wp","href":"https:\/\/api.w.org\/{rel}","templated":true}]}}