{"id":99512,"date":"2026-04-28T21:40:40","date_gmt":"2026-04-28T18:40:40","guid":{"rendered":"https:\/\/www.egemtv.com\/?p=99512"},"modified":"2026-04-28T21:40:41","modified_gmt":"2026-04-28T18:40:41","slug":"denizlide-otomobil-takla-atti-1-olu-4-yarali","status":"publish","type":"post","link":"https:\/\/www.egemtv.com\/?p=99512","title":{"rendered":"Denizli\u2019de otomobil takla att\u0131: 1 \u00f6l\u00fc, 4 yaral\u0131"},"content":{"rendered":"<p>Denizli\u2019nin \u00c7ivril il\u00e7esinde meydana gelen trafik kazas\u0131nda 1 ki\u015fi hayat\u0131n\u0131 kaybederken, 1\u2019i a\u011f\u0131r 4 ki\u015fi yaraland\u0131.<br \/>\n<br \/>Kaza, \u00c7ivril-U\u015fak karayolu Cabar mevkiinde meydana geldi. Edinilen bilgilere g\u00f6re, Ahmet Tozan (27) idaresindeki 20 LC 222 plakal\u0131 otomobil, \u00c7ivril\u2019den U\u015fak istikametine seyir halindeyken s\u00fcr\u00fcc\u00fcn\u00fcn direksiyon hakimiyetini kaybetmesi sonucu kontrolden \u00e7\u0131karak takla att\u0131. Orta ref\u00fcjde duran ara\u00e7ta bulunan yolcular ara\u00e7 i\u00e7inde s\u0131k\u0131\u015ft\u0131. \u0130hbar \u00fczerine olay yerine jandarma, itfaiye ve sa\u011fl\u0131k ekipleri sevk edildi. \u0130tfaiye ekipleri taraf\u0131ndan s\u0131k\u0131\u015ft\u0131klar\u0131 yerden \u00e7\u0131kar\u0131lan yaral\u0131lar, sa\u011fl\u0131k ekiplerine teslim edildi. Kazada ara\u00e7 s\u00fcr\u00fcc\u00fcs\u00fc Ahmet Tozan\u2019\u0131n olay yerinde hayat\u0131n\u0131 kaybetti\u011fi belirlendi. Yaral\u0131lardan biri a\u011f\u0131r olmak \u00fczere toplam 4 ki\u015fi ambulanslarla \u00c7ivril Devlet Hastanesi\u2019ne kald\u0131r\u0131ld\u0131. Yaral\u0131lardan birinin daha sonra U\u015fak\u2019a, bir di\u011ferinin ise Denizli\u2019deki bir hastaneye sevk edildi\u011fi \u00f6\u011frenildi.<br \/>\n<br \/>Cumhuriyet savc\u0131s\u0131n\u0131n olay yerinde yapt\u0131\u011f\u0131 incelemenin ard\u0131ndan Tozan\u2019\u0131n cenazesi \u00c7ivril Devlet Hastanesi morguna kald\u0131r\u0131ld\u0131. Kaza nedeniyle bir s\u00fcre kontroll\u00fc olarak sa\u011flanan trafik, arac\u0131n kald\u0131r\u0131lmas\u0131n\u0131n ard\u0131ndan normale d\u00f6nd\u00fc.<br \/>\n<br \/>Kazayla ilgili soru\u015fturma ba\u015flat\u0131ld\u0131.<br \/><\/p>\n","protected":false},"excerpt":{"rendered":"<p>Denizli\u2019nin \u00c7ivril il\u00e7esinde meydana gelen trafik kazas\u0131nda 1 ki\u015fi hayat\u0131n\u0131 kaybederken, 1\u2019i a\u011f\u0131r 4 ki\u015fi yaraland\u0131. Kaza, \u00c7ivril-U\u015fak karayolu Cabar mevkiinde meydana geldi. Edinilen bilgilere g\u00f6re, Ahmet Tozan (27) idaresindeki 20 LC 222 plakal\u0131 otomobil, \u00c7ivril\u2019den U\u015fak istikametine seyir halindeyken s\u00fcr\u00fcc\u00fcn\u00fcn direksiyon hakimiyetini kaybetmesi sonucu kontrolden \u00e7\u0131karak takla att\u0131. Orta ref\u00fcjde duran ara\u00e7ta bulunan yolcular&#8230;<\/p>\n","protected":false},"author":1,"featured_media":99513,"comment_status":"open","ping_status":"open","sticky":false,"template":"","format":"standard","meta":{"_crdt_document":"","footnotes":""},"categories":[5],"tags":[],"class_list":["post-99512","post","type-post","status-publish","format-standard","has-post-thumbnail","hentry","category-asayis"],"_links":{"self":[{"href":"https:\/\/www.egemtv.com\/index.php?rest_route=\/wp\/v2\/posts\/99512","targetHints":{"allow":["GET"]}}],"collection":[{"href":"https:\/\/www.egemtv.com\/index.php?rest_route=\/wp\/v2\/posts"}],"about":[{"href":"https:\/\/www.egemtv.com\/index.php?rest_route=\/wp\/v2\/types\/post"}],"author":[{"embeddable":true,"href":"https:\/\/www.egemtv.com\/index.php?rest_route=\/wp\/v2\/users\/1"}],"replies":[{"embeddable":true,"href":"https:\/\/www.egemtv.com\/index.php?rest_route=%2Fwp%2Fv2%2Fcomments&post=99512"}],"version-history":[{"count":1,"href":"https:\/\/www.egemtv.com\/index.php?rest_route=\/wp\/v2\/posts\/99512\/revisions"}],"predecessor-version":[{"id":99514,"href":"https:\/\/www.egemtv.com\/index.php?rest_route=\/wp\/v2\/posts\/99512\/revisions\/99514"}],"wp:featuredmedia":[{"embeddable":true,"href":"https:\/\/www.egemtv.com\/index.php?rest_route=\/wp\/v2\/media\/99513"}],"wp:attachment":[{"href":"https:\/\/www.egemtv.com\/index.php?rest_route=%2Fwp%2Fv2%2Fmedia&parent=99512"}],"wp:term":[{"taxonomy":"category","embeddable":true,"href":"https:\/\/www.egemtv.com\/index.php?rest_route=%2Fwp%2Fv2%2Fcategories&post=99512"},{"taxonomy":"post_tag","embeddable":true,"href":"https:\/\/www.egemtv.com\/index.php?rest_route=%2Fwp%2Fv2%2Ftags&post=99512"}],"curies":[{"name":"wp","href":"https:\/\/api.w.org\/{rel}","templated":true}]}}