{"id":99509,"date":"2026-04-28T21:05:36","date_gmt":"2026-04-28T18:05:36","guid":{"rendered":"https:\/\/www.egemtv.com\/?p=99509"},"modified":"2026-04-28T21:05:38","modified_gmt":"2026-04-28T18:05:38","slug":"zafer-kalkinma-ajansinin-yonetim-kurulu-toplantisi-usakta-yapildi","status":"publish","type":"post","link":"https:\/\/www.egemtv.com\/?p=99509","title":{"rendered":"Zafer Kalk\u0131nma Ajans\u0131n\u0131n y\u00f6netim kurulu toplant\u0131s\u0131 U\u015fak\u2019ta yap\u0131ld\u0131"},"content":{"rendered":"<p>Zafer Kalk\u0131nma Ajans\u0131\u2019n\u0131n y\u00f6netim kurulu toplant\u0131s\u0131 U\u015fak\u2019ta ger\u00e7ekle\u015ftirildi.<br \/>\n<br \/>Zafer Kalk\u0131nma Ajans\u0131\u2019n\u0131n y\u00f6netim Kurulu Toplant\u0131s\u0131 K\u00fctahya Valisi ve Zafer Kalk\u0131nma Ajans\u0131 Y\u00f6netim Kurulu Ba\u015fkan\u0131 Musa I\u015f\u0131n ba\u015fkanl\u0131\u011f\u0131nda U\u015fak\u2019ta ger\u00e7ekle\u015ftirildi. Toplant\u0131ya, K\u00fctahya Valisi ve Zafer Kalk\u0131nma Ajans\u0131 Y\u00f6netim Kurulu Ba\u015fkan\u0131 Musa I\u015f\u0131n, Afyonkarahisar Valisi Naci Akta\u015f, U\u015fak Valisi Serdar Kartal, K\u00fctahya Belediye Ba\u015fkan\u0131 Ey\u00fcp Kahveci, U\u015fak Belediye Ba\u015fkan Vekili Hatice Terekeci \u00d6zkan, K\u00fctahya \u0130l Genel Meclisi Ba\u015fkan\u0131 Muammer \u00d6zcura, U\u015fak \u0130l Genel Meclisi Ba\u015fkan\u0131 Aynur Yurtsever, Afyonkarahisar \u0130l Genel Meclisi Ba\u015fkan\u0131 Mehmet Siper, Afyonkarahisar Ticaret ve Sanayi Odas\u0131 Ba\u015fkan\u0131 H\u00fcsn\u00fc Serteser, U\u015fak Ticaret ve Sanayi Odas\u0131 Ba\u015fkan\u0131 Selim Kandemir ve Zafer Kalk\u0131nma Ajans\u0131 Genel Sekreteri Kutlu Eser kat\u0131ld\u0131.<br \/>\n<br \/>A\u00e7\u0131l\u0131\u015f konu\u015fmas\u0131n\u0131 ger\u00e7ekle\u015ftiren Y\u00f6netim Kurulu Ba\u015fkan\u0131 Musa I\u015f\u0131n; &#8220;Cam ve Plastik Geri D\u00f6n\u00fc\u015f\u00fcm Ara\u015ft\u0131rma Sonu\u00e7lar\u0131, b\u00f6lgemizin ye\u015fil d\u00f6n\u00fc\u015f\u00fcm vizyonu i\u00e7in kritik bir \u00e7al\u0131\u015fmad\u0131r. At\u0131klar\u0131 bir \u00e7\u00f6p de\u011fil sanayimiz i\u00e7in de\u011ferli bir ham madde ve enerji kayna\u011f\u0131 olarak g\u00f6rmeliyiz. Bu ara\u015ft\u0131rma, d\u00f6ng\u00fcsel ekonomi modeline ge\u00e7i\u015fte tesislerimizin kapasite art\u0131\u015f\u0131ndan yerel y\u00f6netimlerimizin stratejilerine kadar farkl\u0131 alanlarda \u00e7e\u015fitli \u00f6neriler sunacakt\u0131r.&#8221; dedi.<br \/>\n<br \/>KOB\u0130\u2019lere faizsiz kredi deste\u011fiyle ye\u015fil d\u00f6n\u00fc\u015f\u00fcm\u00fc h\u0131zland\u0131rmay\u0131 hedeflediklerini dile getiren I\u015f\u0131n; &#8220;En stratejik ad\u0131mlar\u0131m\u0131zdan biri olarak, 25 Mart\u2019ta ilan etti\u011fimiz 315 Milyon TL b\u00fct\u00e7eli SoGreen Projesi ile imalat ve turizm sekt\u00f6r\u00fcndeki KOB\u0130\u2019lerimize can suyu olacak b\u00fcy\u00fck bir finansman deste\u011fi ba\u015flatt\u0131k. 7,5 Milyon TL \u00fcst limitli ve faizsiz bu kredi deste\u011fi, b\u00f6lgemizin ye\u015fil d\u00f6n\u00fc\u015f\u00fcm\u00fcne ivme kazand\u0131racakt\u0131r. Sosyal kapsay\u0131c\u0131l\u0131\u011f\u0131 merkeze alan bu programla may\u0131s ay\u0131ndaki ba\u015fvuru s\u00fcreci sonras\u0131nda yat\u0131r\u0131mlar\u0131n h\u0131zla hayata ge\u00e7mesini bekliyoruz.&#8221; dedi.<br \/>\n<br \/>Konu\u015fman\u0131n ard\u0131ndan toplant\u0131 bas\u0131na kapal\u0131 devam etti.<br \/><\/p>\n","protected":false},"excerpt":{"rendered":"<p>Zafer Kalk\u0131nma Ajans\u0131\u2019n\u0131n y\u00f6netim kurulu toplant\u0131s\u0131 U\u015fak\u2019ta ger\u00e7ekle\u015ftirildi. Zafer Kalk\u0131nma Ajans\u0131\u2019n\u0131n y\u00f6netim Kurulu Toplant\u0131s\u0131 K\u00fctahya Valisi ve Zafer Kalk\u0131nma Ajans\u0131 Y\u00f6netim Kurulu Ba\u015fkan\u0131 Musa I\u015f\u0131n ba\u015fkanl\u0131\u011f\u0131nda U\u015fak\u2019ta ger\u00e7ekle\u015ftirildi. Toplant\u0131ya, K\u00fctahya Valisi ve Zafer Kalk\u0131nma Ajans\u0131 Y\u00f6netim Kurulu Ba\u015fkan\u0131 Musa I\u015f\u0131n, Afyonkarahisar Valisi Naci Akta\u015f, U\u015fak Valisi Serdar Kartal, K\u00fctahya Belediye Ba\u015fkan\u0131 Ey\u00fcp Kahveci, U\u015fak Belediye&#8230;<\/p>\n","protected":false},"author":1,"featured_media":99510,"comment_status":"open","ping_status":"open","sticky":false,"template":"","format":"standard","meta":{"_crdt_document":"","footnotes":""},"categories":[125],"tags":[],"class_list":["post-99509","post","type-post","status-publish","format-standard","has-post-thumbnail","hentry","category-ekonomi"],"_links":{"self":[{"href":"https:\/\/www.egemtv.com\/index.php?rest_route=\/wp\/v2\/posts\/99509","targetHints":{"allow":["GET"]}}],"collection":[{"href":"https:\/\/www.egemtv.com\/index.php?rest_route=\/wp\/v2\/posts"}],"about":[{"href":"https:\/\/www.egemtv.com\/index.php?rest_route=\/wp\/v2\/types\/post"}],"author":[{"embeddable":true,"href":"https:\/\/www.egemtv.com\/index.php?rest_route=\/wp\/v2\/users\/1"}],"replies":[{"embeddable":true,"href":"https:\/\/www.egemtv.com\/index.php?rest_route=%2Fwp%2Fv2%2Fcomments&post=99509"}],"version-history":[{"count":1,"href":"https:\/\/www.egemtv.com\/index.php?rest_route=\/wp\/v2\/posts\/99509\/revisions"}],"predecessor-version":[{"id":99511,"href":"https:\/\/www.egemtv.com\/index.php?rest_route=\/wp\/v2\/posts\/99509\/revisions\/99511"}],"wp:featuredmedia":[{"embeddable":true,"href":"https:\/\/www.egemtv.com\/index.php?rest_route=\/wp\/v2\/media\/99510"}],"wp:attachment":[{"href":"https:\/\/www.egemtv.com\/index.php?rest_route=%2Fwp%2Fv2%2Fmedia&parent=99509"}],"wp:term":[{"taxonomy":"category","embeddable":true,"href":"https:\/\/www.egemtv.com\/index.php?rest_route=%2Fwp%2Fv2%2Fcategories&post=99509"},{"taxonomy":"post_tag","embeddable":true,"href":"https:\/\/www.egemtv.com\/index.php?rest_route=%2Fwp%2Fv2%2Ftags&post=99509"}],"curies":[{"name":"wp","href":"https:\/\/api.w.org\/{rel}","templated":true}]}}