{"id":99506,"date":"2026-04-28T20:31:08","date_gmt":"2026-04-28T17:31:08","guid":{"rendered":"https:\/\/www.egemtv.com\/?p=99506"},"modified":"2026-04-28T20:31:09","modified_gmt":"2026-04-28T17:31:09","slug":"duzensiz-gocmen-sorusturmasinda-2-tutuklama-daha","status":"publish","type":"post","link":"https:\/\/www.egemtv.com\/?p=99506","title":{"rendered":"D\u00fczensiz g\u00f6\u00e7men soru\u015fturmas\u0131nda 2 tutuklama daha"},"content":{"rendered":"<p>Mu\u011fla\u2019n\u0131n Bodrum il\u00e7esi a\u00e7\u0131klar\u0131nda 40 d\u00fczensiz g\u00f6\u00e7menin yakaland\u0131\u011f\u0131 olayla ilgili g\u00f6zalt\u0131na al\u0131nan 2 ki\u015fi daha tutukland\u0131.<br \/>\n<br \/>23 Nisan\u2019da Karaada a\u00e7\u0131klar\u0131nda bir bot i\u00e7erisinde 40 d\u00fczensiz g\u00f6\u00e7men yakalanm\u0131\u015ft\u0131. Olayla ilgili Bodrum Cumhuriyet Ba\u015fsavc\u0131l\u0131\u011f\u0131 taraf\u0131ndan ba\u015flat\u0131lan soru\u015fturma kapsam\u0131nda Mu\u011fla \u0130l Emniyet M\u00fcd\u00fcrl\u00fc\u011f\u00fc G\u00f6\u00e7men Ka\u00e7ak\u00e7\u0131l\u0131\u011f\u0131yla M\u00fccadele ve Hudut Kap\u0131lar\u0131 \u015eube M\u00fcd\u00fcrl\u00fc\u011f\u00fc ekipleri \u00e7al\u0131\u015fma ba\u015flatt\u0131. \u0130lk etapta g\u00f6zalt\u0131na al\u0131nan 6 ki\u015fiden 4\u2019\u00fc tutuklanarak cezaevine g\u00f6nderildi.<br \/>\n<br \/>Soru\u015fturman\u0131n devam\u0131nda sonradan tespiti yap\u0131lan B.F.M. ve M.M.O. isimli \u015fah\u0131slar da g\u00f6zalt\u0131na al\u0131nd\u0131. Gerekli i\u015flemlerinin ard\u0131ndan adliyeye sevk edilen 2 \u015f\u00fcpheli, \u00e7\u0131kar\u0131ld\u0131klar\u0131 mahkemece tutuklanarak cezaevine g\u00f6nderildi.<br \/><\/p>\n","protected":false},"excerpt":{"rendered":"<p>Mu\u011fla\u2019n\u0131n Bodrum il\u00e7esi a\u00e7\u0131klar\u0131nda 40 d\u00fczensiz g\u00f6\u00e7menin yakaland\u0131\u011f\u0131 olayla ilgili g\u00f6zalt\u0131na al\u0131nan 2 ki\u015fi daha tutukland\u0131. 23 Nisan\u2019da Karaada a\u00e7\u0131klar\u0131nda bir bot i\u00e7erisinde 40 d\u00fczensiz g\u00f6\u00e7men yakalanm\u0131\u015ft\u0131. Olayla ilgili Bodrum Cumhuriyet Ba\u015fsavc\u0131l\u0131\u011f\u0131 taraf\u0131ndan ba\u015flat\u0131lan soru\u015fturma kapsam\u0131nda Mu\u011fla \u0130l Emniyet M\u00fcd\u00fcrl\u00fc\u011f\u00fc G\u00f6\u00e7men Ka\u00e7ak\u00e7\u0131l\u0131\u011f\u0131yla M\u00fccadele ve Hudut Kap\u0131lar\u0131 \u015eube M\u00fcd\u00fcrl\u00fc\u011f\u00fc ekipleri \u00e7al\u0131\u015fma ba\u015flatt\u0131. \u0130lk etapta g\u00f6zalt\u0131na al\u0131nan&#8230;<\/p>\n","protected":false},"author":1,"featured_media":99507,"comment_status":"open","ping_status":"open","sticky":false,"template":"","format":"standard","meta":{"_crdt_document":"","footnotes":""},"categories":[5],"tags":[],"class_list":["post-99506","post","type-post","status-publish","format-standard","has-post-thumbnail","hentry","category-asayis"],"_links":{"self":[{"href":"https:\/\/www.egemtv.com\/index.php?rest_route=\/wp\/v2\/posts\/99506","targetHints":{"allow":["GET"]}}],"collection":[{"href":"https:\/\/www.egemtv.com\/index.php?rest_route=\/wp\/v2\/posts"}],"about":[{"href":"https:\/\/www.egemtv.com\/index.php?rest_route=\/wp\/v2\/types\/post"}],"author":[{"embeddable":true,"href":"https:\/\/www.egemtv.com\/index.php?rest_route=\/wp\/v2\/users\/1"}],"replies":[{"embeddable":true,"href":"https:\/\/www.egemtv.com\/index.php?rest_route=%2Fwp%2Fv2%2Fcomments&post=99506"}],"version-history":[{"count":1,"href":"https:\/\/www.egemtv.com\/index.php?rest_route=\/wp\/v2\/posts\/99506\/revisions"}],"predecessor-version":[{"id":99508,"href":"https:\/\/www.egemtv.com\/index.php?rest_route=\/wp\/v2\/posts\/99506\/revisions\/99508"}],"wp:featuredmedia":[{"embeddable":true,"href":"https:\/\/www.egemtv.com\/index.php?rest_route=\/wp\/v2\/media\/99507"}],"wp:attachment":[{"href":"https:\/\/www.egemtv.com\/index.php?rest_route=%2Fwp%2Fv2%2Fmedia&parent=99506"}],"wp:term":[{"taxonomy":"category","embeddable":true,"href":"https:\/\/www.egemtv.com\/index.php?rest_route=%2Fwp%2Fv2%2Fcategories&post=99506"},{"taxonomy":"post_tag","embeddable":true,"href":"https:\/\/www.egemtv.com\/index.php?rest_route=%2Fwp%2Fv2%2Ftags&post=99506"}],"curies":[{"name":"wp","href":"https:\/\/api.w.org\/{rel}","templated":true}]}}