{"id":99503,"date":"2026-04-28T19:55:27","date_gmt":"2026-04-28T16:55:27","guid":{"rendered":"https:\/\/www.egemtv.com\/?p=99503"},"modified":"2026-04-28T19:55:30","modified_gmt":"2026-04-28T16:55:30","slug":"datca-devlet-hastanesinde-elektrikli-arac-sarj-donemi-basladi","status":"publish","type":"post","link":"https:\/\/www.egemtv.com\/?p=99503","title":{"rendered":"Dat\u00e7a Devlet Hastanesi\u2019nde elektrikli ara\u00e7 \u015farj d\u00f6nemi ba\u015flad\u0131"},"content":{"rendered":"<p>Mu\u011fla\u2019n\u0131n Dat\u00e7a il\u00e7esinde kamu hastaneleri aras\u0131nda bir ilk olma \u00f6zelli\u011fi ta\u015f\u0131yan elektrikli ara\u00e7 \u015farj istasyonu Dat\u00e7a Devlet Hastanesi bah\u00e7esinde hizmete a\u00e7\u0131ld\u0131.<\/p>\n<p>Dat\u00e7a Devlet Hastanesi yerle\u015fkesinde kurulan h\u0131zl\u0131 \u015farj istasyonu, devlet ihale mevzuat\u0131na uygun \u015fekilde y\u00fcr\u00fct\u00fclen s\u00fcre\u00e7 sonucunda bir firma taraf\u0131ndan i\u015fletilmeye ba\u015fland\u0131. Yeni hizmetle birlikte hem il\u00e7e sakinleri hem de yaz aylar\u0131nda Dat\u00e7a\u2019ya gelen yerli ve yabanc\u0131 turistlerin \u015farj ihtiyac\u0131n\u0131n kar\u015f\u0131lanmas\u0131 hedefleniyor. Yetkililer taraf\u0131ndan yap\u0131lan a\u00e7\u0131klamada, Dat\u00e7a\u2019da h\u0131zl\u0131 \u015farj altyap\u0131s\u0131n\u0131n s\u0131n\u0131rl\u0131 oldu\u011fu belirtilerek, ger\u00e7ekle\u015ftirilen yat\u0131r\u0131m\u0131n yaln\u0131zca hastane hizmet alan\u0131na de\u011fil, il\u00e7enin genel ihtiya\u00e7lar\u0131na da katk\u0131 sunaca\u011f\u0131 ifade edildi. A\u00e7\u0131klamada ayr\u0131ca uygulaman\u0131n Mu\u011fla\u2019daki kamu hastaneleri aras\u0131nda ilk olma \u00f6zelli\u011fi ta\u015f\u0131d\u0131\u011f\u0131na dikkat \u00e7ekilerek, vatanda\u015flar\u0131n g\u00fcnl\u00fck ya\u015fam\u0131n\u0131 kolayla\u015ft\u0131rmas\u0131n\u0131n yan\u0131 s\u0131ra Dat\u00e7a turizmine de destek sa\u011flayaca\u011f\u0131 kaydedildi.<\/p>\n<p>Hastane bah\u00e7esinde hizmet vermeye ba\u015flayan \u015farj istasyonunun, kamu kaynaklar\u0131n\u0131n etkin kullan\u0131m\u0131 ve s\u00fcrd\u00fcr\u00fclebilir gelir modeli a\u00e7\u0131s\u0131ndan da \u00f6rnek bir proje olarak de\u011ferlendirildi\u011fi belirtildi.<\/p>\n<p>\u00d6zellikle turizm sezonunda artan n\u00fcfus ve elektrikli ara\u00e7 kullan\u0131m\u0131na ba\u011fl\u0131 ihtiya\u00e7lar do\u011frultusunda hayata ge\u00e7irilen uygulama, il\u00e7e halk\u0131 ile ziyaret\u00e7ilere \u00f6nemli kolayl\u0131k sa\u011flayacak.<br \/><\/p>\n","protected":false},"excerpt":{"rendered":"<p>Mu\u011fla\u2019n\u0131n Dat\u00e7a il\u00e7esinde kamu hastaneleri aras\u0131nda bir ilk olma \u00f6zelli\u011fi ta\u015f\u0131yan elektrikli ara\u00e7 \u015farj istasyonu Dat\u00e7a Devlet Hastanesi bah\u00e7esinde hizmete a\u00e7\u0131ld\u0131. Dat\u00e7a Devlet Hastanesi yerle\u015fkesinde kurulan h\u0131zl\u0131 \u015farj istasyonu, devlet ihale mevzuat\u0131na uygun \u015fekilde y\u00fcr\u00fct\u00fclen s\u00fcre\u00e7 sonucunda bir firma taraf\u0131ndan i\u015fletilmeye ba\u015fland\u0131. Yeni hizmetle birlikte hem il\u00e7e sakinleri hem de yaz aylar\u0131nda Dat\u00e7a\u2019ya gelen yerli&#8230;<\/p>\n","protected":false},"author":1,"featured_media":99504,"comment_status":"open","ping_status":"open","sticky":false,"template":"","format":"standard","meta":{"_crdt_document":"","footnotes":""},"categories":[1],"tags":[],"class_list":["post-99503","post","type-post","status-publish","format-standard","has-post-thumbnail","hentry","category-guncel"],"_links":{"self":[{"href":"https:\/\/www.egemtv.com\/index.php?rest_route=\/wp\/v2\/posts\/99503","targetHints":{"allow":["GET"]}}],"collection":[{"href":"https:\/\/www.egemtv.com\/index.php?rest_route=\/wp\/v2\/posts"}],"about":[{"href":"https:\/\/www.egemtv.com\/index.php?rest_route=\/wp\/v2\/types\/post"}],"author":[{"embeddable":true,"href":"https:\/\/www.egemtv.com\/index.php?rest_route=\/wp\/v2\/users\/1"}],"replies":[{"embeddable":true,"href":"https:\/\/www.egemtv.com\/index.php?rest_route=%2Fwp%2Fv2%2Fcomments&post=99503"}],"version-history":[{"count":1,"href":"https:\/\/www.egemtv.com\/index.php?rest_route=\/wp\/v2\/posts\/99503\/revisions"}],"predecessor-version":[{"id":99505,"href":"https:\/\/www.egemtv.com\/index.php?rest_route=\/wp\/v2\/posts\/99503\/revisions\/99505"}],"wp:featuredmedia":[{"embeddable":true,"href":"https:\/\/www.egemtv.com\/index.php?rest_route=\/wp\/v2\/media\/99504"}],"wp:attachment":[{"href":"https:\/\/www.egemtv.com\/index.php?rest_route=%2Fwp%2Fv2%2Fmedia&parent=99503"}],"wp:term":[{"taxonomy":"category","embeddable":true,"href":"https:\/\/www.egemtv.com\/index.php?rest_route=%2Fwp%2Fv2%2Fcategories&post=99503"},{"taxonomy":"post_tag","embeddable":true,"href":"https:\/\/www.egemtv.com\/index.php?rest_route=%2Fwp%2Fv2%2Ftags&post=99503"}],"curies":[{"name":"wp","href":"https:\/\/api.w.org\/{rel}","templated":true}]}}