{"id":99494,"date":"2026-04-28T17:35:52","date_gmt":"2026-04-28T14:35:52","guid":{"rendered":"https:\/\/www.egemtv.com\/?p=99494"},"modified":"2026-04-28T17:35:54","modified_gmt":"2026-04-28T14:35:54","slug":"muskiden-bodrum-gumbet-su-ana-isale-hatti-aciklamasi","status":"publish","type":"post","link":"https:\/\/www.egemtv.com\/?p=99494","title":{"rendered":"MUSK\u0130\u2019den Bodrum G\u00fcmbet su ana isale hatt\u0131 a\u00e7\u0131klamas\u0131"},"content":{"rendered":"<p>Mu\u011fla B\u00fcy\u00fck\u015fehir Belediyesi Su ve Kanalizasyon \u0130daresi (MUSK\u0130) Genel M\u00fcd\u00fcrl\u00fc\u011f\u00fc, Bodrum il\u00e7esinde devam eden su isale hatlar\u0131n\u0131 de\u011fi\u015ftirilmesine ili\u015fkin G\u00fcmbet ana isale hatt\u0131ndaki devam eden \u00e7al\u0131\u015fmalara ili\u015fkin a\u00e7\u0131klama yapt\u0131.<br \/>\n<br \/>MUSK\u0130 Genel m\u00fcd\u00fcrl\u00fc\u011f\u00fcnden yap\u0131lan a\u00e7\u0131klamada, &#8220;Bodrum il\u00e7emizin G\u00fcmbet Mahallesinde devam eden ana isale hatlar\u0131n\u0131n yenileme \u00e7al\u0131\u015fmalar\u0131 konusunda b\u00f6lge esnaf\u0131 ile yap\u0131lan g\u00f6r\u00fc\u015fmelere istinaden a\u00e7\u0131klama yap\u0131lmas\u0131 gere\u011fi do\u011fmu\u015ftur. Bilindi\u011fi \u00fczere Bodrum\u2019da 2011 y\u0131l\u0131nda DS\u0130 taraf\u0131ndan yap\u0131lan, yanl\u0131\u015f malzeme se\u00e7imi bilirki\u015fi raporu ile ortaya konan ve hukuki s\u00fcrecin i\u015fletildi\u011fi ana isale hatlar\u0131nda s\u00fcrekli olarak ar\u0131zalar ya\u015fanm\u0131\u015ft\u0131r.<br \/>\n<br \/>\u0130limizin B\u00fcy\u00fck\u015fehir stat\u00fcs\u00fc kazand\u0131\u011f\u0131 2014 y\u0131l\u0131ndan bu yana bahse konu hatlar \u00fczerinde irili ufakl\u0131 3 bini a\u015fk\u0131n ar\u0131za ya\u015fan\u0131rken bu ar\u0131zlar milyonlarca ton su, i\u015f g\u00fcc\u00fc ve maddi kayba neden olmu\u015ftur. Ayr\u0131ca bu hatlardan kaynakl\u0131 ar\u0131zalarda can kayb\u0131 tehlikeleri de ya\u015fanm\u0131\u015f b\u00fcy\u00fck felaketlerin e\u015fi\u011finden d\u00f6n\u00fclm\u00fc\u015f, \u00e7ok uzun s\u00fcren kesintiler meydana gelmi\u015ftir. 2024 y\u0131l\u0131nda B\u00fcy\u00fck\u015fehir Belediye Ba\u015fkan\u0131m\u0131z olan Ahmet Aras, ilk g\u00fcnden bu yana Bodrum\u2019daki ar\u0131zal\u0131 hatlar\u0131n de\u011fi\u015ftirilmesi konusunda b\u00fcy\u00fck bir irade g\u00f6stermi\u015f ve bu de\u011fi\u015fimin \u015fart oldu\u011fu anlay\u0131\u015f\u0131yla t\u00fcm \u00e7\u00f6z\u00fcm \u00f6nerilerini masaya yat\u0131rm\u0131\u015ft\u0131r. Hat de\u011fi\u015fiminin b\u00fcy\u00fck bir maddi kaynak gerektirmesi \u00fczerine B\u00fcy\u00fck\u015fehir Belediyesinden MUSK\u0130 Genel M\u00fcd\u00fcrl\u00fc\u011f\u00fcne meclis onay\u0131 ile kaynak aktar\u0131m\u0131 yap\u0131lm\u0131\u015f ve \u00f6z kaynaklar ile Bodrum\u2019un ar\u0131zal\u0131 isale hatlar\u0131n\u0131n de\u011fi\u015fimine ba\u015flanm\u0131\u015ft\u0131r. \u00c7al\u0131\u015fmalar kapsam\u0131nda Bodrum\u2019un G\u00fcney ve Kuzey olmak \u00fczere iki g\u00fczergahta ele alarak hatlar\u0131n yenilemesine ba\u015flanm\u0131\u015ft\u0131r. Bu kapsamda G\u00fcney Ana \u0130sale Hatt\u0131nda Torba, M\u00fcskebi, Yah\u015fi, G\u00fcmbet ve Turgutreis Mahallelerini kapsayan 22 bin metrelik hat yenilemesinin yakla\u015f\u0131k 17 bin metresini tamamlanm\u0131\u015f ayr\u0131ca Yal\u0131kavak ve G\u00fcm\u00fc\u015fl\u00fck g\u00fczerg\u00e2h\u0131n\u0131 kapsayan kuzey isale hatt\u0131nda ba\u015flat\u0131lan 8 bin 682 metrelik yenileme \u00e7al\u0131\u015fman\u0131n 6 bin 300 metresini tamamlanm\u0131\u015ft\u0131r. G\u00fcmbet Mahallesi Adnan Menderes Bulvar\u0131 \u00fczerinde devam edecek olan \u00e7al\u0131\u015fmalar\u0131m\u0131z i\u00e7in b\u00f6lge esnaf\u0131n\u0131n kaz\u0131 \u00e7al\u0131\u015fmalar\u0131n\u0131n uzayaca\u011f\u0131 ve i\u015flerine engele olaca\u011f\u0131na dair baz\u0131 endi\u015feleri olu\u015fmu\u015ftur. Bu nedenle Genel M\u00fcd\u00fcr Yard\u0131mc\u0131lar\u0131m\u0131z Nuri Kali ve Ahmet Demirel taraf\u0131ndan esnafa gerekli bilgilendirmeler yap\u0131lm\u0131\u015f olup \u00e7al\u0131\u015fmalar t\u00fcm detay\u0131 ile halk\u0131m\u0131za anlat\u0131lm\u0131\u015ft\u0131r. \u00c7al\u0131\u015fman\u0131n 700 metrelik k\u0131sm\u0131n\u0131 olu\u015fturan Adnan Menderes Bulvar\u0131ndaki projenin en h\u0131zl\u0131 \u015fekilde tamamlanmas\u0131 i\u00e7in gerekli \u00f6nlemleri ald\u0131\u011f\u0131m\u0131z\u0131n bilinmesini isteriz. Bu kapsamda Bodrum Kaymakaml\u0131\u011f\u0131m\u0131zdan gerekli izinler al\u0131narak burada yap\u0131lacak olan \u00e7al\u0131\u015fma gece saat 24:00\u2019e kadar devam edecektir. Ayr\u0131ca \u00e7al\u0131\u015fan say\u0131s\u0131 2 kat\u0131na \u00e7\u0131kar\u0131l\u0131p kaz\u0131 ve boru de\u011fi\u015fim i\u015flemi olabilecek en h\u0131zl\u0131 \u015fekilde ger\u00e7ekle\u015ftirilecektir. Ayr\u0131ca \u00e7al\u0131\u015fma s\u00fcresince esnaf\u0131m\u0131z\u0131n ve vatanda\u015flar\u0131m\u0131z\u0131n en az d\u00fczeyde etkilenmesi ad\u0131na gerekli t\u00fcm tedbirler titizlikle uygulanacakt\u0131r. Yap\u0131lan bu \u00e7al\u0131\u015fmalar\u0131n Bodrum\u2019un altyap\u0131 sorunlar\u0131n\u0131 kal\u0131c\u0131 olarak \u00e7\u00f6zece\u011fi ve uzun vadede hem esnaf\u0131m\u0131za hem de vatanda\u015flar\u0131m\u0131za kesintisiz ve g\u00fcvenli i\u00e7me suyu temini sa\u011flayaca\u011f\u0131 unutulmamal\u0131d\u0131r. G\u00f6sterdikleri anlay\u0131\u015f ve sab\u0131r i\u00e7in t\u00fcm esnaf\u0131m\u0131za ve hem\u015ferilerimize te\u015fekk\u00fcr ederiz. Ayr\u0131ca kurumumuzun t\u00fcm ileti\u015fim kanallar\u0131n\u0131n a\u00e7\u0131k oldu\u011funu, b\u00f6lge esnaf\u0131m\u0131z\u0131n ve halk\u0131m\u0131z\u0131n t\u00fcm \u015fik\u00e2yet, \u00f6neri ve sorular\u0131n\u0131n titizlikle de\u011ferlendirilip en h\u0131zl\u0131 \u015fekilde ileti\u015fime ge\u00e7ilece\u011fini \u00f6nemle belirtmek isteriz&#8221;<br \/><\/p>\n","protected":false},"excerpt":{"rendered":"<p>Mu\u011fla B\u00fcy\u00fck\u015fehir Belediyesi Su ve Kanalizasyon \u0130daresi (MUSK\u0130) Genel M\u00fcd\u00fcrl\u00fc\u011f\u00fc, Bodrum il\u00e7esinde devam eden su isale hatlar\u0131n\u0131 de\u011fi\u015ftirilmesine ili\u015fkin G\u00fcmbet ana isale hatt\u0131ndaki devam eden \u00e7al\u0131\u015fmalara ili\u015fkin a\u00e7\u0131klama yapt\u0131. MUSK\u0130 Genel m\u00fcd\u00fcrl\u00fc\u011f\u00fcnden yap\u0131lan a\u00e7\u0131klamada, &#8220;Bodrum il\u00e7emizin G\u00fcmbet Mahallesinde devam eden ana isale hatlar\u0131n\u0131n yenileme \u00e7al\u0131\u015fmalar\u0131 konusunda b\u00f6lge esnaf\u0131 ile yap\u0131lan g\u00f6r\u00fc\u015fmelere istinaden a\u00e7\u0131klama yap\u0131lmas\u0131 gere\u011fi&#8230;<\/p>\n","protected":false},"author":1,"featured_media":99495,"comment_status":"open","ping_status":"open","sticky":false,"template":"","format":"standard","meta":{"_crdt_document":"","footnotes":""},"categories":[1],"tags":[],"class_list":["post-99494","post","type-post","status-publish","format-standard","has-post-thumbnail","hentry","category-guncel"],"_links":{"self":[{"href":"https:\/\/www.egemtv.com\/index.php?rest_route=\/wp\/v2\/posts\/99494","targetHints":{"allow":["GET"]}}],"collection":[{"href":"https:\/\/www.egemtv.com\/index.php?rest_route=\/wp\/v2\/posts"}],"about":[{"href":"https:\/\/www.egemtv.com\/index.php?rest_route=\/wp\/v2\/types\/post"}],"author":[{"embeddable":true,"href":"https:\/\/www.egemtv.com\/index.php?rest_route=\/wp\/v2\/users\/1"}],"replies":[{"embeddable":true,"href":"https:\/\/www.egemtv.com\/index.php?rest_route=%2Fwp%2Fv2%2Fcomments&post=99494"}],"version-history":[{"count":1,"href":"https:\/\/www.egemtv.com\/index.php?rest_route=\/wp\/v2\/posts\/99494\/revisions"}],"predecessor-version":[{"id":99496,"href":"https:\/\/www.egemtv.com\/index.php?rest_route=\/wp\/v2\/posts\/99494\/revisions\/99496"}],"wp:featuredmedia":[{"embeddable":true,"href":"https:\/\/www.egemtv.com\/index.php?rest_route=\/wp\/v2\/media\/99495"}],"wp:attachment":[{"href":"https:\/\/www.egemtv.com\/index.php?rest_route=%2Fwp%2Fv2%2Fmedia&parent=99494"}],"wp:term":[{"taxonomy":"category","embeddable":true,"href":"https:\/\/www.egemtv.com\/index.php?rest_route=%2Fwp%2Fv2%2Fcategories&post=99494"},{"taxonomy":"post_tag","embeddable":true,"href":"https:\/\/www.egemtv.com\/index.php?rest_route=%2Fwp%2Fv2%2Ftags&post=99494"}],"curies":[{"name":"wp","href":"https:\/\/api.w.org\/{rel}","templated":true}]}}