{"id":99491,"date":"2026-04-28T17:35:50","date_gmt":"2026-04-28T14:35:50","guid":{"rendered":"https:\/\/www.egemtv.com\/?p=99491"},"modified":"2026-04-28T17:35:52","modified_gmt":"2026-04-28T14:35:52","slug":"aliagada-deniz-sevgisi-temali-yarismanin-odulleri-sahiplerini-buldu","status":"publish","type":"post","link":"https:\/\/www.egemtv.com\/?p=99491","title":{"rendered":"Alia\u011fa\u2019da deniz sevgisi temal\u0131 yar\u0131\u015fman\u0131n \u00f6d\u00fclleri sahiplerini buldu"},"content":{"rendered":"<p>\u0130MEAK Deniz Ticaret Odas\u0131 (DTO) Alia\u011fa \u015eubesi ve Alia\u011fa \u0130l\u00e7e Milli E\u011fitim M\u00fcd\u00fcrl\u00fc\u011f\u00fc i\u015f birli\u011fiyle \u00e7ocuklarda deniz bilinci olu\u015fturmak amac\u0131yla bu y\u0131l alt\u0131nc\u0131s\u0131 d\u00fczenlenen resim, \u015fiir ve kompozisyon yar\u0131\u015fmas\u0131nda dereceye giren \u00f6\u011frencilere \u00f6d\u00fclleri verildi.<br \/>\n<br \/>&#8220;Denizci Millet, Denizci \u00dclke&#8221; ilkesiyle \u00e7ocuklara deniz sevgisi a\u015f\u0131lamak ve denizcilik \u00fczerine d\u00fc\u015f\u00fcnmelerini sa\u011flamak amac\u0131yla hayata ge\u00e7irilen yar\u0131\u015fmada \u00fc\u00e7 ana dalda de\u011ferlendirme yap\u0131ld\u0131. \u0130lkokul \u00f6\u011frencileri &#8220;Temiz Deniz, Temiz D\u00fcnya&#8221; konulu resimler, ortaokul \u00f6\u011frencileri ayn\u0131 konu i\u00e7erikli \u015fiirlerle yar\u0131\u015f\u0131rken, lise \u00f6\u011frencileri ise &#8220;Mavi Ekonomi ve S\u00fcrd\u00fcr\u00fclebilirlik&#8221; ba\u015fl\u0131kl\u0131 kompozisyonlar\u0131yla kat\u0131l\u0131m sa\u011flad\u0131. 80 resim, 58 \u015fiir ve 24 kompozisyon olmak \u00fczere toplam 162 \u00f6\u011frencinin eser g\u00f6nderdi\u011fi yar\u0131\u015fmada j\u00fcri de\u011ferlendirmesinin ard\u0131ndan kazananlar belirlendi. T\u00f6renin a\u00e7\u0131l\u0131\u015f konu\u015fmas\u0131n\u0131 yapan \u0130MEAK DTO Alia\u011fa \u015eubesi Y\u00f6netim Kurulu Ba\u015fkan\u0131 Adem \u015eim\u015fek, sosyal sorumluluk projelerinin \u00f6nemine de\u011finerek, &#8220;2019 y\u0131l\u0131nda ilkini ger\u00e7ekle\u015ftirdi\u011fimiz yar\u0131\u015fmam\u0131z\u0131n bu y\u0131l alt\u0131nc\u0131s\u0131n\u0131 d\u00fczenlemenin gururunu ya\u015f\u0131yoruz. Gelecek nesillere deniz sevgisini ve \u00e7evre bilincini a\u015f\u0131lamaya devam edece\u011fiz. Destek veren t\u00fcm kurumlara ve kat\u0131l\u0131m sa\u011flayan \u00f6\u011frencilerimize te\u015fekk\u00fcr ediyorum&#8221; dedi.<br \/>\n<br \/>Etkinlikte \u00e7evre s\u00fcrd\u00fcr\u00fclebilirli\u011finin \u00f6nemine dikkat \u00e7eken Alia\u011fa Kaymakam\u0131 Zekeriya G\u00fcney ise, &#8220;Alia\u011fa sanayisinin yan\u0131 s\u0131ra denizi ve turizmiyle de \u00f6ne \u00e7\u0131kan bir il\u00e7e. Bu t\u00fcr organizasyonlar, denizlerimizin s\u00fcrd\u00fcr\u00fclebilirli\u011fi ve \u00e7ocuklar\u0131m\u0131z\u0131n bu bilinci kazanmas\u0131 a\u00e7\u0131s\u0131ndan b\u00fcy\u00fck \u00f6nem ta\u015f\u0131yor&#8221; ifadelerini kulland\u0131.<br \/>\n<br \/>Konu\u015fmalar\u0131n ard\u0131ndan dereceye giren \u00f6\u011frencilere \u00f6d\u00fclleri protokol \u00fcyeleri taraf\u0131ndan takdim edildi. Program, toplu foto\u011fraf \u00e7ekimiyle sona erdi.<br \/>\n<br \/>Alia\u011fa Belediyesi G\u00fczelhisar Sosyal Tesisleri\u2019nde ger\u00e7ekle\u015ftirilen \u00f6d\u00fcl t\u00f6renine protokol \u00fcyeleri ve \u00f6\u011frenciler kat\u0131ld\u0131.<br \/><\/p>\n","protected":false},"excerpt":{"rendered":"<p>\u0130MEAK Deniz Ticaret Odas\u0131 (DTO) Alia\u011fa \u015eubesi ve Alia\u011fa \u0130l\u00e7e Milli E\u011fitim M\u00fcd\u00fcrl\u00fc\u011f\u00fc i\u015f birli\u011fiyle \u00e7ocuklarda deniz bilinci olu\u015fturmak amac\u0131yla bu y\u0131l alt\u0131nc\u0131s\u0131 d\u00fczenlenen resim, \u015fiir ve kompozisyon yar\u0131\u015fmas\u0131nda dereceye giren \u00f6\u011frencilere \u00f6d\u00fclleri verildi. &#8220;Denizci Millet, Denizci \u00dclke&#8221; ilkesiyle \u00e7ocuklara deniz sevgisi a\u015f\u0131lamak ve denizcilik \u00fczerine d\u00fc\u015f\u00fcnmelerini sa\u011flamak amac\u0131yla hayata ge\u00e7irilen yar\u0131\u015fmada \u00fc\u00e7 ana dalda&#8230;<\/p>\n","protected":false},"author":1,"featured_media":99492,"comment_status":"open","ping_status":"open","sticky":false,"template":"","format":"standard","meta":{"_crdt_document":"","footnotes":""},"categories":[1],"tags":[],"class_list":["post-99491","post","type-post","status-publish","format-standard","has-post-thumbnail","hentry","category-guncel"],"_links":{"self":[{"href":"https:\/\/www.egemtv.com\/index.php?rest_route=\/wp\/v2\/posts\/99491","targetHints":{"allow":["GET"]}}],"collection":[{"href":"https:\/\/www.egemtv.com\/index.php?rest_route=\/wp\/v2\/posts"}],"about":[{"href":"https:\/\/www.egemtv.com\/index.php?rest_route=\/wp\/v2\/types\/post"}],"author":[{"embeddable":true,"href":"https:\/\/www.egemtv.com\/index.php?rest_route=\/wp\/v2\/users\/1"}],"replies":[{"embeddable":true,"href":"https:\/\/www.egemtv.com\/index.php?rest_route=%2Fwp%2Fv2%2Fcomments&post=99491"}],"version-history":[{"count":1,"href":"https:\/\/www.egemtv.com\/index.php?rest_route=\/wp\/v2\/posts\/99491\/revisions"}],"predecessor-version":[{"id":99493,"href":"https:\/\/www.egemtv.com\/index.php?rest_route=\/wp\/v2\/posts\/99491\/revisions\/99493"}],"wp:featuredmedia":[{"embeddable":true,"href":"https:\/\/www.egemtv.com\/index.php?rest_route=\/wp\/v2\/media\/99492"}],"wp:attachment":[{"href":"https:\/\/www.egemtv.com\/index.php?rest_route=%2Fwp%2Fv2%2Fmedia&parent=99491"}],"wp:term":[{"taxonomy":"category","embeddable":true,"href":"https:\/\/www.egemtv.com\/index.php?rest_route=%2Fwp%2Fv2%2Fcategories&post=99491"},{"taxonomy":"post_tag","embeddable":true,"href":"https:\/\/www.egemtv.com\/index.php?rest_route=%2Fwp%2Fv2%2Ftags&post=99491"}],"curies":[{"name":"wp","href":"https:\/\/api.w.org\/{rel}","templated":true}]}}