{"id":99488,"date":"2026-04-28T17:00:37","date_gmt":"2026-04-28T14:00:37","guid":{"rendered":"https:\/\/www.egemtv.com\/?p=99488"},"modified":"2026-04-28T17:00:38","modified_gmt":"2026-04-28T14:00:38","slug":"denizli-buyuksehirden-sanat-gunesi-icin-vefa-gecesi","status":"publish","type":"post","link":"https:\/\/www.egemtv.com\/?p=99488","title":{"rendered":"Denizli B\u00fcy\u00fck\u015fehirden &#8220;Sanat G\u00fcne\u015fi&#8221; i\u00e7in vefa gecesi"},"content":{"rendered":"<p>Denizli B\u00fcy\u00fck\u015fehir Belediyesi, T\u00fcrk Sanat M\u00fczi\u011fi\u2019nin unutulmaz ismi Zeki M\u00fcren\u2019i, vefat\u0131n\u0131n 30. y\u0131l d\u00f6n\u00fcm\u00fcnde d\u00fczenlenen muhte\u015fem bir konserle and\u0131. B\u00fcy\u00fck\u015fehir Belediyesi Konservatuvar\u0131 T\u00fcrk Sanat M\u00fczi\u011fi Korosu, usta sanat\u00e7\u0131n\u0131n dillerden d\u00fc\u015fmeyen eserlerini seslendirerek Denizlililere nostalji dolu bir gece ya\u015fatt\u0131.<\/p>\n<p>&#8220;Sanat \u015eehri Denizli&#8221; vizyonuyla \u00e7al\u0131\u015fmalar\u0131n\u0131 s\u00fcrd\u00fcren Denizli B\u00fcy\u00fck\u015fehir Belediyesi, T\u00fcrkiye\u2019nin sanat g\u00fcne\u015fi Zeki M\u00fcren\u2019i unutmad\u0131. B\u00fcy\u00fck\u015fehir Belediyesi Kongre ve K\u00fclt\u00fcr Merkezi \u00d6zay G\u00f6nl\u00fcm Salonu\u2019nda d\u00fczenlenen anma konserine, Denizli B\u00fcy\u00fck\u015fehir Belediyesi Ba\u015fkan Vekili Ali Mar\u0131m, \u00e7ok say\u0131da davetli ve sanatsever kat\u0131ld\u0131. K\u00fclt\u00fcr ve Turizm Bakanl\u0131\u011f\u0131 \u0130zmir Klasik T\u00fcrk M\u00fczi\u011fi Korosu Ses Sanat\u00e7\u0131s\u0131, \u015eef Ahmet Nuri \u00c7a\u011fda\u015f y\u00f6netimindeki Denizli B\u00fcy\u00fck\u015fehir Belediyesi Konservatuvar\u0131 T\u00fcrk Sanat M\u00fczi\u011fi Korosu, haz\u0131rlad\u0131klar\u0131 \u00f6zel repertuvarla dinleyicileri ge\u00e7mi\u015fe g\u00f6t\u00fcrd\u00fc.<\/p>\n<p>Seyirciden tam not<br \/>\n<br \/>Konser, usta sanat\u00e7\u0131n\u0131n m\u00fczikal yolculu\u011funu yans\u0131tan iki farkl\u0131 konseptle sunuldu. Birinci b\u00f6l\u00fcmde, Zeki M\u00fcren\u2019in e\u015fsiz yorumuyla haf\u0131zalara kaz\u0131nan ve T\u00fcrk toplumunun ilk kez onun sesinden duyup ba\u011fr\u0131na bast\u0131\u011f\u0131 klasik eserlere yer verildi. \u0130kinci b\u00f6l\u00fcmde ise sanat\u00e7\u0131n\u0131n sadece yorumcu de\u011fil, ayn\u0131 zamanda usta bir besteci kimli\u011fini \u00f6n plana \u00e7\u0131karan kendi besteleri icra edildi. Gecenin sonunda, koronun sergiledi\u011fi performans ve \u015eef Ahmet Nuri \u00c7a\u011fda\u015f\u2019\u0131n y\u00f6netimi sanatseverler taraf\u0131ndan ayakta alk\u0131\u015fland\u0131. Vefat\u0131n\u0131n 30. y\u0131l\u0131nda eserleriyle yeniden hayat bulan M\u00fcren\u2019in hat\u0131ras\u0131, salonu dolduranlarla birlikte yad edildi.<\/p>\n<p>Mar\u0131m: &#8220;Sanat\u00e7\u0131lar\u0131m\u0131z\u0131 ya\u015fatmak g\u00f6revimizdir&#8221;<br \/>\n<br \/>Kentin k\u00fclt\u00fcrel miras\u0131na de\u011fer katan bu etkinliklerle sanat\u0131n ve sanat\u00e7\u0131n\u0131n yan\u0131nda olmaya devam edeceklerini belirten Denizli B\u00fcy\u00fck\u015fehir Belediyesi Ba\u015fkan Vekili Ali Mar\u0131m, &#8220;T\u00fcrk m\u00fczi\u011finin mihenk ta\u015flar\u0131ndan biri olan Zeki M\u00fcren\u2019i, vefat\u0131n\u0131n 30. y\u0131l\u0131nda b\u00f6ylesine anlaml\u0131 bir organizasyonla anmaktan b\u00fcy\u00fck onur duyuyoruz. Denizli, her zaman sanat\u0131n ve sanat\u00e7\u0131n\u0131n kenti olmu\u015ftur. K\u00fclt\u00fcrel de\u011ferlerimizi gelecek nesillere aktarmak ve usta isimlerimizi ya\u015fatmak en \u00f6ncelikli g\u00f6revlerimiz aras\u0131ndad\u0131r. Bu e\u015fsiz geceyi bizlere ya\u015fatan \u015fefimize ve koromuza te\u015fekk\u00fcr ediyorum&#8221; ifadelerini kulland\u0131.<br \/><\/p>\n","protected":false},"excerpt":{"rendered":"<p>Denizli B\u00fcy\u00fck\u015fehir Belediyesi, T\u00fcrk Sanat M\u00fczi\u011fi\u2019nin unutulmaz ismi Zeki M\u00fcren\u2019i, vefat\u0131n\u0131n 30. y\u0131l d\u00f6n\u00fcm\u00fcnde d\u00fczenlenen muhte\u015fem bir konserle and\u0131. B\u00fcy\u00fck\u015fehir Belediyesi Konservatuvar\u0131 T\u00fcrk Sanat M\u00fczi\u011fi Korosu, usta sanat\u00e7\u0131n\u0131n dillerden d\u00fc\u015fmeyen eserlerini seslendirerek Denizlililere nostalji dolu bir gece ya\u015fatt\u0131. &#8220;Sanat \u015eehri Denizli&#8221; vizyonuyla \u00e7al\u0131\u015fmalar\u0131n\u0131 s\u00fcrd\u00fcren Denizli B\u00fcy\u00fck\u015fehir Belediyesi, T\u00fcrkiye\u2019nin sanat g\u00fcne\u015fi Zeki M\u00fcren\u2019i unutmad\u0131. B\u00fcy\u00fck\u015fehir Belediyesi&#8230;<\/p>\n","protected":false},"author":1,"featured_media":99489,"comment_status":"open","ping_status":"open","sticky":false,"template":"","format":"standard","meta":{"_crdt_document":"","footnotes":""},"categories":[1],"tags":[],"class_list":["post-99488","post","type-post","status-publish","format-standard","has-post-thumbnail","hentry","category-guncel"],"_links":{"self":[{"href":"https:\/\/www.egemtv.com\/index.php?rest_route=\/wp\/v2\/posts\/99488","targetHints":{"allow":["GET"]}}],"collection":[{"href":"https:\/\/www.egemtv.com\/index.php?rest_route=\/wp\/v2\/posts"}],"about":[{"href":"https:\/\/www.egemtv.com\/index.php?rest_route=\/wp\/v2\/types\/post"}],"author":[{"embeddable":true,"href":"https:\/\/www.egemtv.com\/index.php?rest_route=\/wp\/v2\/users\/1"}],"replies":[{"embeddable":true,"href":"https:\/\/www.egemtv.com\/index.php?rest_route=%2Fwp%2Fv2%2Fcomments&post=99488"}],"version-history":[{"count":1,"href":"https:\/\/www.egemtv.com\/index.php?rest_route=\/wp\/v2\/posts\/99488\/revisions"}],"predecessor-version":[{"id":99490,"href":"https:\/\/www.egemtv.com\/index.php?rest_route=\/wp\/v2\/posts\/99488\/revisions\/99490"}],"wp:featuredmedia":[{"embeddable":true,"href":"https:\/\/www.egemtv.com\/index.php?rest_route=\/wp\/v2\/media\/99489"}],"wp:attachment":[{"href":"https:\/\/www.egemtv.com\/index.php?rest_route=%2Fwp%2Fv2%2Fmedia&parent=99488"}],"wp:term":[{"taxonomy":"category","embeddable":true,"href":"https:\/\/www.egemtv.com\/index.php?rest_route=%2Fwp%2Fv2%2Fcategories&post=99488"},{"taxonomy":"post_tag","embeddable":true,"href":"https:\/\/www.egemtv.com\/index.php?rest_route=%2Fwp%2Fv2%2Ftags&post=99488"}],"curies":[{"name":"wp","href":"https:\/\/api.w.org\/{rel}","templated":true}]}}