{"id":99485,"date":"2026-04-28T17:00:36","date_gmt":"2026-04-28T14:00:36","guid":{"rendered":"https:\/\/www.egemtv.com\/?p=99485"},"modified":"2026-04-28T17:00:37","modified_gmt":"2026-04-28T14:00:37","slug":"aydin-astim-osb-meslek-yuksekokulunun-kurulmasi-icin-ilk-adim-atildi","status":"publish","type":"post","link":"https:\/\/www.egemtv.com\/?p=99485","title":{"rendered":"Ayd\u0131n AST\u0130M OSB Meslek Y\u00fcksekokulu\u2019nun kurulmas\u0131 i\u00e7in ilk ad\u0131m at\u0131ld\u0131"},"content":{"rendered":"<p>Adnan Menderes \u00dcniversitesi ile Ayd\u0131n AST\u0130M Organize Sanayi B\u00f6lgesi (AST\u0130M OSB) aras\u0131nda \u00fcniversite-sanayi i\u015f birli\u011fini g\u00fc\u00e7lendirmek, mesleki e\u011fitimi desteklemek ve b\u00f6lgenin nitelikli i\u015f g\u00fcc\u00fc ihtiyac\u0131na katk\u0131 sa\u011flamak amac\u0131yla i\u015f birli\u011fi protokol\u00fc imzaland\u0131.<br \/>\n<br \/>AD\u00dc Rekt\u00f6r\u00fc Prof. Dr. B\u00fclent Kent ile Ayd\u0131n AST\u0130M OSB Y\u00f6netim Kurulu Ba\u015fkan\u0131 G\u00f6khan Mara\u015f ve AST\u0130M OSB B\u00f6lge M\u00fcd\u00fcr\u00fc Erdem Bilgili taraf\u0131ndan imzalanan protokol kapsam\u0131nda, m\u00fclkiyeti AST\u0130M OSB\u2019ye ait AST\u0130M OSB S\u00fcrekli E\u011fitim Merkezi binas\u0131n\u0131n, \u00fcniversite b\u00fcnyesinde Organize Sanayi Meslek Y\u00fcksekokulu kurulmas\u0131 i\u00e7in e\u011fitim-\u00f6\u011fretim faaliyetlerinde kullan\u0131lmak \u00fczere AD\u00dc\u2019ye tahsis edilmesi kararla\u015ft\u0131r\u0131ld\u0131.<br \/>\n<br \/>Protokol ile birlikte, sanayinin ihtiya\u00e7 duydu\u011fu alanlarda istihdama y\u00f6nelik yeni program ve b\u00f6l\u00fcmlerin a\u00e7\u0131lmas\u0131, \u00f6\u011frencilerin sekt\u00f6r odakl\u0131 e\u011fitim almalar\u0131 ve mezuniyet sonras\u0131 i\u015f hayat\u0131na daha g\u00fc\u00e7l\u00fc bir \u015fekilde haz\u0131rlanmalar\u0131 hedefleniyor. Meslek y\u00fcksekokulu b\u00fcnyesinde a\u00e7\u0131lmas\u0131 planlanan yeni b\u00f6l\u00fcmlerle, b\u00f6lgenin \u00fcretim kapasitesine uygun nitelikli ara eleman yeti\u015ftirilmesi ve i\u015f g\u00fcc\u00fc piyasas\u0131n\u0131n ihtiya\u00e7lar\u0131na do\u011frudan cevap verilmesi ama\u00e7lan\u0131yor.<br \/>\n<br \/>AST\u0130M OSB S\u00fcrekli E\u011fitim Merkezi; idari ve teknik ofisler, s\u0131n\u0131flar ile uygulamal\u0131 e\u011fitim at\u00f6lyelerini b\u00fcnyesinde bar\u0131nd\u0131ran yap\u0131s\u0131yla, \u00f6\u011frencilerin teorik ve uygulamal\u0131 e\u011fitim s\u00fcre\u00e7lerine \u00f6nemli katk\u0131 sunacak. Ayr\u0131ca bina i\u00e7erisinde yer alan makine ve ekipmanlar\u0131n da e\u011fitim-\u00f6\u011fretim faaliyetlerinde kullan\u0131lmak \u00fczere AD\u00dc\u2019ye tahsis edilmesiyle, uygulamal\u0131 mesleki e\u011fitimin daha g\u00fc\u00e7l\u00fc bir altyap\u0131yla desteklenmesi hedefleniyor.<br \/>\n<br \/>Rekt\u00f6r Prof. Dr. B\u00fclent Kent, imzalanan protokol\u00fcn \u00fcniversitenin uygulamal\u0131 e\u011fitim kapasitesini g\u00fc\u00e7lendirece\u011fini belirterek, &#8220;Sanayi ile \u00fcniversite aras\u0131ndaki i\u015f birli\u011fini geli\u015ftiren bu protokol sayesinde \u00f6\u011frencilerimizin sekt\u00f6rle daha erken bulu\u015fmas\u0131n\u0131, mesleki deneyim kazanmalar\u0131n\u0131 ve nitelikli insan kayna\u011f\u0131 olarak yeti\u015fmelerini hedefliyoruz. Meslek y\u00fcksekokulumuz b\u00fcnyesinde a\u00e7\u0131lacak yeni b\u00f6l\u00fcmlerle, \u00f6\u011frencilerimizi do\u011frudan istihdama haz\u0131rlayan bir e\u011fitim modeli olu\u015fturmay\u0131 ama\u00e7l\u0131yoruz. Ayn\u0131 zamanda bu i\u015f birli\u011finin b\u00f6lgesel kalk\u0131nmaya da \u00f6nemli katk\u0131lar sunaca\u011f\u0131na inan\u0131yoruz&#8221; ifadelerini kulland\u0131.<br \/><\/p>\n","protected":false},"excerpt":{"rendered":"<p>Adnan Menderes \u00dcniversitesi ile Ayd\u0131n AST\u0130M Organize Sanayi B\u00f6lgesi (AST\u0130M OSB) aras\u0131nda \u00fcniversite-sanayi i\u015f birli\u011fini g\u00fc\u00e7lendirmek, mesleki e\u011fitimi desteklemek ve b\u00f6lgenin nitelikli i\u015f g\u00fcc\u00fc ihtiyac\u0131na katk\u0131 sa\u011flamak amac\u0131yla i\u015f birli\u011fi protokol\u00fc imzaland\u0131. AD\u00dc Rekt\u00f6r\u00fc Prof. Dr. B\u00fclent Kent ile Ayd\u0131n AST\u0130M OSB Y\u00f6netim Kurulu Ba\u015fkan\u0131 G\u00f6khan Mara\u015f ve AST\u0130M OSB B\u00f6lge M\u00fcd\u00fcr\u00fc Erdem Bilgili taraf\u0131ndan&#8230;<\/p>\n","protected":false},"author":1,"featured_media":99486,"comment_status":"open","ping_status":"open","sticky":false,"template":"","format":"standard","meta":{"_crdt_document":"","footnotes":""},"categories":[1],"tags":[],"class_list":["post-99485","post","type-post","status-publish","format-standard","has-post-thumbnail","hentry","category-guncel"],"_links":{"self":[{"href":"https:\/\/www.egemtv.com\/index.php?rest_route=\/wp\/v2\/posts\/99485","targetHints":{"allow":["GET"]}}],"collection":[{"href":"https:\/\/www.egemtv.com\/index.php?rest_route=\/wp\/v2\/posts"}],"about":[{"href":"https:\/\/www.egemtv.com\/index.php?rest_route=\/wp\/v2\/types\/post"}],"author":[{"embeddable":true,"href":"https:\/\/www.egemtv.com\/index.php?rest_route=\/wp\/v2\/users\/1"}],"replies":[{"embeddable":true,"href":"https:\/\/www.egemtv.com\/index.php?rest_route=%2Fwp%2Fv2%2Fcomments&post=99485"}],"version-history":[{"count":1,"href":"https:\/\/www.egemtv.com\/index.php?rest_route=\/wp\/v2\/posts\/99485\/revisions"}],"predecessor-version":[{"id":99487,"href":"https:\/\/www.egemtv.com\/index.php?rest_route=\/wp\/v2\/posts\/99485\/revisions\/99487"}],"wp:featuredmedia":[{"embeddable":true,"href":"https:\/\/www.egemtv.com\/index.php?rest_route=\/wp\/v2\/media\/99486"}],"wp:attachment":[{"href":"https:\/\/www.egemtv.com\/index.php?rest_route=%2Fwp%2Fv2%2Fmedia&parent=99485"}],"wp:term":[{"taxonomy":"category","embeddable":true,"href":"https:\/\/www.egemtv.com\/index.php?rest_route=%2Fwp%2Fv2%2Fcategories&post=99485"},{"taxonomy":"post_tag","embeddable":true,"href":"https:\/\/www.egemtv.com\/index.php?rest_route=%2Fwp%2Fv2%2Ftags&post=99485"}],"curies":[{"name":"wp","href":"https:\/\/api.w.org\/{rel}","templated":true}]}}