{"id":99482,"date":"2026-04-28T16:25:47","date_gmt":"2026-04-28T13:25:47","guid":{"rendered":"https:\/\/www.egemtv.com\/?p=99482"},"modified":"2026-04-28T16:25:55","modified_gmt":"2026-04-28T13:25:55","slug":"denizlide-sosyal-hizmetleri-icin-774-milyon-tllik-dev-butce","status":"publish","type":"post","link":"https:\/\/www.egemtv.com\/?p=99482","title":{"rendered":"Denizli\u2019de sosyal hizmetleri i\u00e7in 774 milyon TL\u2019lik dev b\u00fct\u00e7e"},"content":{"rendered":"<p>\u0130nsan odakl\u0131 belediyecilik anlay\u0131\u015f\u0131yla onlarca sosyal destek projesini hayata ge\u00e7iren Denizli B\u00fcy\u00fck\u015fehir Belediyesi, b\u00fct\u00e7esini vatanda\u015f\u0131n sofras\u0131na, e\u011fitimine ve sa\u011fl\u0131\u011f\u0131na y\u00f6nlendirerek sosyal hizmetlerde yeni bir d\u00f6nem ba\u015flatt\u0131. Ba\u015fkan \u00c7avu\u015fo\u011flu, ihtiya\u00e7 sahibi her kesime dokunduklar\u0131n\u0131 belirterek, &#8220;Bu \u015fehirde hi\u00e7 kimse kendini yaln\u0131z hissetmeyecek&#8221; mesaj\u0131 verdi.<\/p>\n<p>Denizli B\u00fcy\u00fck\u015fehir Belediye Ba\u015fkan\u0131 B\u00fclent Nuri \u00c7avu\u015fo\u011flu, g\u00f6reve geldikleri g\u00fcnden bu yana sosyal hizmetlere ay\u0131rd\u0131klar\u0131 b\u00fct\u00e7eyi a\u00e7\u0131klad\u0131. \u015eehrin sadece binalarla de\u011fil, huzur ve dayan\u0131\u015fmayla b\u00fcy\u00fcyece\u011fini vurgulayan Ba\u015fkan \u00c7avu\u015fo\u011flu sosyal belediyecilik odakl\u0131 bir anlay\u0131\u015fla hayata ge\u00e7irdikleri projeleri anlatt\u0131. Denizli\u2019de ilk kez hayata ge\u00e7irdikleri Horoz Kart\u2019tan emekli desteklerine, yeni do\u011fan yard\u0131m\u0131ndan HPV a\u015f\u0131s\u0131na, \u00e7ocuk geli\u015fim merkezlerinden ilkokula giden \u00e7ocuklara beslenme deste\u011fine kadar dev bir b\u00fct\u00e7eyi vatanda\u015f\u0131n do\u011frudan sofras\u0131na, e\u011fitimine ve sa\u011fl\u0131\u011f\u0131na y\u00f6nlendirdiklerini kaydeden Ba\u015fkan \u00c7avu\u015fo\u011flu, insan odakl\u0131 onlarca projeyle ihtiya\u00e7 sahibi t\u00fcm kesimlerin yan\u0131nda yer ald\u0131klar\u0131n\u0131 s\u00f6yledi.<\/p>\n<p>&#8220;Hi\u00e7 kimse kendini yaln\u0131z hissetmeyecek&#8221;<br \/>\n<br \/>Sosyal hizmetleri \u00e7ok \u00f6nemsediklerini vurgulayan Ba\u015fkan \u00c7avu\u015fo\u011flu, &#8220;G\u00f6reve gelirken geride hi\u00e7 kimseyi b\u0131rakmayaca\u011f\u0131m\u0131z\u0131n s\u00f6z\u00fcn\u00fc vermi\u015ftik ve bunu her ge\u00e7en g\u00fcn b\u00fcy\u00fct\u00fcyoruz. Herkesin ve her kesimin geride b\u0131rak\u0131lmad\u0131\u011f\u0131 bir sistem in\u015fa ediyoruz. Biz bu kenti y\u00f6netirken sadece fiziki projelere de\u011fil insan hayat\u0131na dokunmaya da odaklan\u0131yoruz. Bu \u015fehirdeki hi\u00e7 kimse kendini yaln\u0131z hissetmeyecek. Hi\u00e7 bir anne \u2018\u00c7ocu\u011fum nas\u0131l beslenir?\u2019 diye d\u00fc\u015f\u00fcnmeyecek. \u00c7\u00fcnk\u00fc bug\u00fcn birbirimizin elinden tutmaya, yan\u0131m\u0131zdakine omuz vermeye ve dayan\u0131\u015fmaya her zamankinden daha fazla ihtiyac\u0131m\u0131z var&#8221; ifadelerini kulland\u0131.<\/p>\n<p>Her bir kuru\u015f vatanda\u015f\u0131n huzuru ve refah\u0131 i\u00e7in<br \/>\n<br \/>\u2018Mutlu \u0130nsanlar\u0131n \u015eehri Denizli\u2019 vizyonuyla \u00e7al\u0131\u015ft\u0131klar\u0131n\u0131n alt\u0131n\u0131 \u00e7izen Ba\u015fkan \u00c7avu\u015fo\u011flu, &#8220;\u0130nsanlar g\u00fcne huzurla ve g\u00fcvenle ba\u015flayamazsa, d\u00fcnyan\u0131n en g\u00fczel binalar\u0131n\u0131 verin onlar\u0131 mutlu edemezsiniz. \u00c7ocu\u011funa s\u00fct alamayan anneyi bina yaparak mutlu edemezsiniz&#8221; dedi. Kaynaklar\u0131n do\u011fru, yerinde ve adaletli kullan\u0131lmas\u0131n\u0131n \u00f6ncelikleri oldu\u011funu belirten \u00c7avu\u015fo\u011flu, &#8220;Her bir kuru\u015fu vatanda\u015f\u0131n huzuru ve refah\u0131 i\u00e7in harc\u0131yoruz. Denizli\u2019nin paras\u0131 art\u0131k Denizli halk\u0131n\u0131n cebine, mutfa\u011f\u0131na ve \u00e7ocuklar\u0131n\u0131n gelece\u011fine gidiyor. \u015eehrin kaynaklar\u0131n\u0131 bu zor g\u00fcnlerde yan\u0131m\u0131zdaki insana omuz vermek i\u00e7in harc\u0131yoruz&#8221; ifadelerine yer verdi.<\/p>\n<p>\u0130\u015fte insan hayat\u0131na dokunan projelerden baz\u0131lar\u0131<br \/>\n<br \/>Denizli B\u00fcy\u00fck\u015fehir Belediyesi Sosyal Hizmetler Dairesi Ba\u015fkanl\u0131\u011f\u0131n\u0131n hayata ge\u00e7irdi\u011fi ve s\u00fcrd\u00fcrd\u00fc\u011f\u00fc sosyal hizmet projelerinin baz\u0131lar\u0131 \u015f\u00f6yle: &#8220;Horoz Kart, emeklilere y\u00f6nelik ramazan ikramiyesi, yeni do\u011fan yard\u0131m\u0131, \u00e7ocuk geli\u015fim merkezleri, beslenme yard\u0131m\u0131, mobil ikram ara\u00e7lar\u0131, hane yard\u0131mlar\u0131, g\u0131da kolisi, \u0131s\u0131nma deste\u011fi, ta\u015f\u0131nma deste\u011fi, 65 ya\u015f \u00fcst\u00fcne \u00fccretsiz tamirat deste\u011fi, bebek \u00e7antas\u0131, bebek bezi (0-2 ya\u015f) ve bebek mamas\u0131 deste\u011fi, evlilik deste\u011fi, k\u0131rtasiye paketi, ortaokul, lise ve MESEM \u00f6\u011frencilerine ula\u015f\u0131m deste\u011fi, test kitab\u0131 \u00fccreti deste\u011fi, YKS s\u0131nav \u00fccreti deste\u011fi, HPV a\u015f\u0131s\u0131 deste\u011fi, \u00e7\u00f6lyak hastalar\u0131na gl\u00fctensiz g\u0131da yard\u0131m\u0131, hasta yata\u011f\u0131 ve hasta bezi deste\u011fi, alzheimer, demans, zihinsel engelli ve otizm tan\u0131l\u0131 vatanda\u015flara takip cihaz\u0131, asker \u00e7antas\u0131 deste\u011fi, asker ailelerine yemin t\u00f6reni i\u00e7in yol ve yemek deste\u011fi, Evde Bak\u0131m ve Sa\u011fl\u0131k Koordinasyon Merkezi, Sevgi Eli ve A\u015fevi.&#8221;<br \/><\/p>\n","protected":false},"excerpt":{"rendered":"<p>\u0130nsan odakl\u0131 belediyecilik anlay\u0131\u015f\u0131yla onlarca sosyal destek projesini hayata ge\u00e7iren Denizli B\u00fcy\u00fck\u015fehir Belediyesi, b\u00fct\u00e7esini vatanda\u015f\u0131n sofras\u0131na, e\u011fitimine ve sa\u011fl\u0131\u011f\u0131na y\u00f6nlendirerek sosyal hizmetlerde yeni bir d\u00f6nem ba\u015flatt\u0131. Ba\u015fkan \u00c7avu\u015fo\u011flu, ihtiya\u00e7 sahibi her kesime dokunduklar\u0131n\u0131 belirterek, &#8220;Bu \u015fehirde hi\u00e7 kimse kendini yaln\u0131z hissetmeyecek&#8221; mesaj\u0131 verdi. Denizli B\u00fcy\u00fck\u015fehir Belediye Ba\u015fkan\u0131 B\u00fclent Nuri \u00c7avu\u015fo\u011flu, g\u00f6reve geldikleri g\u00fcnden bu yana&#8230;<\/p>\n","protected":false},"author":1,"featured_media":99483,"comment_status":"open","ping_status":"open","sticky":false,"template":"","format":"standard","meta":{"_crdt_document":"","footnotes":""},"categories":[127],"tags":[],"class_list":["post-99482","post","type-post","status-publish","format-standard","has-post-thumbnail","hentry","category-siyaset"],"_links":{"self":[{"href":"https:\/\/www.egemtv.com\/index.php?rest_route=\/wp\/v2\/posts\/99482","targetHints":{"allow":["GET"]}}],"collection":[{"href":"https:\/\/www.egemtv.com\/index.php?rest_route=\/wp\/v2\/posts"}],"about":[{"href":"https:\/\/www.egemtv.com\/index.php?rest_route=\/wp\/v2\/types\/post"}],"author":[{"embeddable":true,"href":"https:\/\/www.egemtv.com\/index.php?rest_route=\/wp\/v2\/users\/1"}],"replies":[{"embeddable":true,"href":"https:\/\/www.egemtv.com\/index.php?rest_route=%2Fwp%2Fv2%2Fcomments&post=99482"}],"version-history":[{"count":1,"href":"https:\/\/www.egemtv.com\/index.php?rest_route=\/wp\/v2\/posts\/99482\/revisions"}],"predecessor-version":[{"id":99484,"href":"https:\/\/www.egemtv.com\/index.php?rest_route=\/wp\/v2\/posts\/99482\/revisions\/99484"}],"wp:featuredmedia":[{"embeddable":true,"href":"https:\/\/www.egemtv.com\/index.php?rest_route=\/wp\/v2\/media\/99483"}],"wp:attachment":[{"href":"https:\/\/www.egemtv.com\/index.php?rest_route=%2Fwp%2Fv2%2Fmedia&parent=99482"}],"wp:term":[{"taxonomy":"category","embeddable":true,"href":"https:\/\/www.egemtv.com\/index.php?rest_route=%2Fwp%2Fv2%2Fcategories&post=99482"},{"taxonomy":"post_tag","embeddable":true,"href":"https:\/\/www.egemtv.com\/index.php?rest_route=%2Fwp%2Fv2%2Ftags&post=99482"}],"curies":[{"name":"wp","href":"https:\/\/api.w.org\/{rel}","templated":true}]}}