{"id":99476,"date":"2026-04-28T15:15:42","date_gmt":"2026-04-28T12:15:42","guid":{"rendered":"https:\/\/www.egemtv.com\/?p=99476"},"modified":"2026-04-28T15:15:44","modified_gmt":"2026-04-28T12:15:44","slug":"uzmani-uyardi-baharda-cilt-hastaliklari-artiyor","status":"publish","type":"post","link":"https:\/\/www.egemtv.com\/?p=99476","title":{"rendered":"Uzman\u0131 uyard\u0131: Baharda cilt hastal\u0131klar\u0131 art\u0131yor"},"content":{"rendered":"<p>Ac\u0131badem Bodrum Hastanesi Dermatoloji Uzman\u0131 Prof. Dr. Muhsin Akbaba, bahar aylar\u0131nda artan g\u00fcne\u015f \u0131\u015f\u0131nlar\u0131, y\u00fckselen s\u0131cakl\u0131k, polen yo\u011funlu\u011fu ve terleme gibi \u00e7evresel fakt\u00f6rlerin cilt sa\u011fl\u0131\u011f\u0131n\u0131 do\u011frudan etkiledi\u011fini belirterek, &#8220;Bu d\u00f6nemde hem mevcut deri hastal\u0131klar\u0131 alevlenebilir hem de baz\u0131 cilt sorunlar\u0131 ilk kez ortaya \u00e7\u0131kabilir&#8221; dedi.<\/p>\n<p>&#8220;G\u00fcne\u015f alerjisi baharda daha s\u0131k g\u00f6r\u00fcl\u00fcyor&#8221;<br \/>\n<br \/>Bahar aylar\u0131nda cildin d\u0131\u015f etkenlere kar\u015f\u0131 daha hassas hale geldi\u011fini vurgulayan Akbaba, &#8220;K\u0131\u015f aylar\u0131nda g\u00fcne\u015ften uzak kalan cilt, bahar aylar\u0131nda ani \u015fekilde g\u00fcne\u015fe maruz kald\u0131\u011f\u0131nda savunmas\u0131z kal\u0131r. Bu nedenle bahar\u0131n ilk d\u00f6nemlerinde g\u00fcne\u015f alerjisi vakalar\u0131nda belirgin bir art\u0131\u015f g\u00f6zlemliyoruz. Bu durum genellikle g\u00fcne\u015fe \u00e7\u0131k\u0131ld\u0131ktan k\u0131sa s\u00fcre sonra ortaya \u00e7\u0131kar. \u00d6zellikle y\u00fcz, boyun, kol ve dekolte gibi g\u00fcne\u015fe a\u00e7\u0131k b\u00f6lgelerde ka\u015f\u0131nt\u0131l\u0131, k\u0131zar\u0131k ve kabar\u0131k d\u00f6k\u00fcnt\u00fcler g\u00f6r\u00fcl\u00fcr&#8221; diye konu\u015ftu.<\/p>\n<p>&#8220;Bitki temas\u0131 kal\u0131c\u0131 lekeler b\u0131rakabilir&#8221;<br \/>\n<br \/>A\u00e7\u0131k havada ge\u00e7irilen s\u00fcrenin artmas\u0131yla birlikte bitkilerle temas\u0131n da artt\u0131\u011f\u0131n\u0131 belirten Akbaba, \u015fu uyar\u0131larda bulundu:<br \/>\n<br \/>&#8220;\u00d6zellikle limon, incir ve baz\u0131 yabani bitkilerle temas sonras\u0131 geli\u015fen fitodermatit s\u0131k g\u00f6r\u00fcl\u00fcr. Bu durumda ciltte \u00f6nce k\u0131zar\u0131kl\u0131k ve yanma hissi olu\u015fur ard\u0131ndan g\u00fcne\u015f \u0131\u015f\u0131\u011f\u0131yla etkile\u015fime girerek kahverengi lekeler ortaya \u00e7\u0131kabilir. Bu lekeler baz\u0131 hastalarda uzun s\u00fcre kal\u0131c\u0131 olabilir.&#8221;<\/p>\n<p>&#8220;Terleme mantar enfeksiyonlar\u0131n\u0131 tetikliyor&#8221;<br \/>\n<br \/>Hava s\u0131cakl\u0131klar\u0131n\u0131n y\u00fckselmesiyle birlikte artan terlemenin cilt \u00fczerinde nemli bir ortam olu\u015fturdu\u011funu belirten Akbaba, &#8220;Bu durum mantar enfeksiyonlar\u0131 i\u00e7in uygun zemin haz\u0131rlar. \u00d6zellikle ayaklarda, kas\u0131k b\u00f6lgesinde ve v\u00fccudun k\u0131vr\u0131m alanlar\u0131nda ka\u015f\u0131nt\u0131l\u0131, k\u0131zar\u0131k ve bazen pullanma ile seyreden lezyonlarla kendini g\u00f6sterir. Ki\u015fisel hijyenin yan\u0131 s\u0131ra uygun k\u0131yafet se\u00e7imi de mantar\u0131 \u00f6nleme noktas\u0131nda \u00f6nemlidir. Sentetik ve hava almayan k\u0131yafetler enfeksiyonlar\u0131 art\u0131rabilir&#8221; uyar\u0131s\u0131nda bulundu.<\/p>\n<p>&#8220;Polen ve \u00e7evresel fakt\u00f6rler alerjiyi art\u0131r\u0131yor&#8221;<br \/>\n<br \/>Bahar aylar\u0131nda polen yo\u011funlu\u011funun artmas\u0131yla sadece solunum yollar\u0131n\u0131n de\u011fil, cilt hastal\u0131klar\u0131n\u0131n da tetiklendi\u011fini s\u00f6yleyen Akbaba, &#8220;Kontakt dermatit vakalar\u0131nda da bu d\u00f6nemde belirgin art\u0131\u015f g\u00f6r\u00fcl\u00fcr. Polenler, bitkiler ve baz\u0131 kozmetik \u00fcr\u00fcnleri ciltte ka\u015f\u0131nt\u0131, k\u0131zar\u0131kl\u0131k ve hassasiyete yol a\u00e7abiliyor. Ayr\u0131ca atopik dermatit (egzama) hastalar\u0131nda da bu d\u00f6nemde alevlenmeler g\u00f6r\u00fclebilir. Cilt bariyeri zaten hassas olan bireylerde \u00e7evresel alerjenler ka\u015f\u0131nt\u0131 ve kurulu\u011fu daha da art\u0131r\u0131r&#8221; dedi.<\/p>\n<p>&#8220;Ani g\u00fcne\u015f maruziyeti yan\u0131klara neden olabiliyor&#8221;<br \/>\n<br \/>Bahar aylar\u0131nda g\u00fcne\u015f daha masum gibi alg\u0131lansa da UV etkisinin olduk\u00e7a g\u00fc\u00e7l\u00fc oldu\u011funu s\u00f6yleyen Akbaba, &#8220;\u00d6zellikle ilk g\u00fcne\u015flenmelerde cilt korunmas\u0131z kalabiliyor. Bu durum g\u00fcne\u015f yan\u0131klar\u0131na neden olabiliyor. Ciltte k\u0131zar\u0131kl\u0131k, hassasiyet, yanma hissi ve baz\u0131 durumlarda su toplamas\u0131 gibi bulgular ortaya \u00e7\u0131kabiliyor&#8221; diye konu\u015ftu.<\/p>\n<p>&#8220;Akne \u015fikayetleri art\u0131\u015f g\u00f6sterebilir&#8221;<br \/>\n<br \/>Artan s\u0131cakl\u0131k ve terlemeyle birlikte ciltte ya\u011f \u00fcretiminin de artt\u0131\u011f\u0131n\u0131 belirten Akbaba, &#8220;Akneye yatk\u0131n bireylerde sivilce olu\u015fumu artabilir. G\u00f6zeneklerin t\u0131kanmas\u0131yla birlikte iltihapl\u0131 lezyonlar olu\u015fabilir. Bu d\u00f6nemde uygun cilt temizli\u011fi ve bak\u0131m\u0131 \u00f6nem kazan\u0131r&#8221; dedi.<\/p>\n<p>&#8220;Basit \u00f6nlemlerle korunmak m\u00fcmk\u00fcn&#8221;<br \/>\n<br \/>Bahar aylar\u0131nda cilt sa\u011fl\u0131\u011f\u0131n\u0131 korumak i\u00e7in al\u0131nacak basit \u00f6nlemlerin b\u00fcy\u00fck fark g\u00f6sterebilece\u011fini vurgulayan Akbaba, \u015funlar\u0131 kaydetti:<br \/>\n<br \/>&#8220;G\u00fcne\u015ften korunmak en \u00f6nemli ad\u0131md\u0131r. Y\u00fcksek koruma fakt\u00f6rl\u00fc g\u00fcne\u015f kremi kullan\u0131m\u0131n\u0131n yan\u0131 s\u0131ra cilt tipine uygun nemlendiriciler d\u00fczenli olarak kullan\u0131larak cilt bariyeri g\u00fc\u00e7lendirilmeli. Ayr\u0131ca pamuklu ve hava alabilen k\u0131yafetler tercih edilmeli, terleme sonras\u0131 cilt temizlenmeli ve bitki temas\u0131 sonras\u0131 cilt y\u0131kanmal\u0131d\u0131r. Bahar aylar\u0131nda ortaya \u00e7\u0131kan veya art\u0131\u015f g\u00f6steren cilt problemleri hafife al\u0131nmamal\u0131 \u00f6zellikle uzun s\u00fcren, \u015fiddetlenen ya da yay\u0131l\u0131m g\u00f6steren lezyonlarda bir dermatoloji uzman\u0131na ba\u015fvurulmas\u0131 \u00f6nemlidir.&#8221;<br \/><\/p>\n","protected":false},"excerpt":{"rendered":"<p>Ac\u0131badem Bodrum Hastanesi Dermatoloji Uzman\u0131 Prof. Dr. Muhsin Akbaba, bahar aylar\u0131nda artan g\u00fcne\u015f \u0131\u015f\u0131nlar\u0131, y\u00fckselen s\u0131cakl\u0131k, polen yo\u011funlu\u011fu ve terleme gibi \u00e7evresel fakt\u00f6rlerin cilt sa\u011fl\u0131\u011f\u0131n\u0131 do\u011frudan etkiledi\u011fini belirterek, &#8220;Bu d\u00f6nemde hem mevcut deri hastal\u0131klar\u0131 alevlenebilir hem de baz\u0131 cilt sorunlar\u0131 ilk kez ortaya \u00e7\u0131kabilir&#8221; dedi. &#8220;G\u00fcne\u015f alerjisi baharda daha s\u0131k g\u00f6r\u00fcl\u00fcyor&#8221; Bahar aylar\u0131nda cildin d\u0131\u015f&#8230;<\/p>\n","protected":false},"author":1,"featured_media":99477,"comment_status":"open","ping_status":"open","sticky":false,"template":"","format":"standard","meta":{"_crdt_document":"","footnotes":""},"categories":[2],"tags":[],"class_list":["post-99476","post","type-post","status-publish","format-standard","has-post-thumbnail","hentry","category-saglik"],"_links":{"self":[{"href":"https:\/\/www.egemtv.com\/index.php?rest_route=\/wp\/v2\/posts\/99476","targetHints":{"allow":["GET"]}}],"collection":[{"href":"https:\/\/www.egemtv.com\/index.php?rest_route=\/wp\/v2\/posts"}],"about":[{"href":"https:\/\/www.egemtv.com\/index.php?rest_route=\/wp\/v2\/types\/post"}],"author":[{"embeddable":true,"href":"https:\/\/www.egemtv.com\/index.php?rest_route=\/wp\/v2\/users\/1"}],"replies":[{"embeddable":true,"href":"https:\/\/www.egemtv.com\/index.php?rest_route=%2Fwp%2Fv2%2Fcomments&post=99476"}],"version-history":[{"count":1,"href":"https:\/\/www.egemtv.com\/index.php?rest_route=\/wp\/v2\/posts\/99476\/revisions"}],"predecessor-version":[{"id":99478,"href":"https:\/\/www.egemtv.com\/index.php?rest_route=\/wp\/v2\/posts\/99476\/revisions\/99478"}],"wp:featuredmedia":[{"embeddable":true,"href":"https:\/\/www.egemtv.com\/index.php?rest_route=\/wp\/v2\/media\/99477"}],"wp:attachment":[{"href":"https:\/\/www.egemtv.com\/index.php?rest_route=%2Fwp%2Fv2%2Fmedia&parent=99476"}],"wp:term":[{"taxonomy":"category","embeddable":true,"href":"https:\/\/www.egemtv.com\/index.php?rest_route=%2Fwp%2Fv2%2Fcategories&post=99476"},{"taxonomy":"post_tag","embeddable":true,"href":"https:\/\/www.egemtv.com\/index.php?rest_route=%2Fwp%2Fv2%2Ftags&post=99476"}],"curies":[{"name":"wp","href":"https:\/\/api.w.org\/{rel}","templated":true}]}}