{"id":99473,"date":"2026-04-28T15:15:41","date_gmt":"2026-04-28T12:15:41","guid":{"rendered":"https:\/\/www.egemtv.com\/?p=99473"},"modified":"2026-04-28T15:15:42","modified_gmt":"2026-04-28T12:15:42","slug":"yesilay-marmariste-bagimsiz-gelecek-icin-masa-tenisi-turnuvasi-duzenledi","status":"publish","type":"post","link":"https:\/\/www.egemtv.com\/?p=99473","title":{"rendered":"Ye\u015filay, Marmaris\u2019te &#8220;Ba\u011f\u0131ms\u0131z Gelecek&#8221; i\u00e7in masa tenisi turnuvas\u0131 d\u00fczenledi"},"content":{"rendered":"<p>Mu\u011fla\u2019n\u0131n Marmaris il\u00e7esinde &#8220;Hepimiz \u0130\u00e7in Ba\u011f\u0131ms\u0131z Gelecek&#8221; projesi kapsam\u0131nda ortaokul ve lise \u00f6\u011frencilerine y\u00f6nelik masa tenisi turnuvas\u0131 d\u00fczenlenecek. Ortaokullar aras\u0131 m\u00fcsabakalar 4-8 May\u0131s, liseler aras\u0131 m\u00fcsabakalar ise 8-10 May\u0131s tarihleri aras\u0131nda ger\u00e7ekle\u015ftirilecek.<br \/>\n<br \/>Turnuva \u00f6ncesinde \u0130\u00e7meler\u2019de bir tesiste d\u00fczenlenen tan\u0131t\u0131m toplant\u0131s\u0131na Ye\u015filay Mu\u011fla \u0130l Ba\u015fkan\u0131 \u015eenol \u015eeng\u00fcr, \u0130l\u00e7e Milli E\u011fitim M\u00fcd\u00fcr\u00fc Serap Aksel, Gen\u00e7lik ve Spor \u0130l\u00e7e M\u00fcd\u00fcr\u00fc Burak \u00dcst\u00fcnda\u011f ile il\u00e7edeki kurum ve sivil toplum kurulu\u015fu temsilcileri kat\u0131ld\u0131. Toplant\u0131da konu\u015fan Marmaris Kaymakam\u0131 Nurullah Kaya, Mu\u011fla Valisi \u0130dris Akb\u0131y\u0131k taraf\u0131ndan 2026 y\u0131l\u0131n\u0131n &#8220;Gen\u00e7lik Y\u0131l\u0131&#8221; ilan edildi\u011fini hat\u0131rlatarak, projenin bu vizyonla \u00f6rt\u00fc\u015ft\u00fc\u011f\u00fcn\u00fc ifade etti.<br \/>\n<br \/>Toplant\u0131da ba\u011f\u0131ml\u0131l\u0131kla m\u00fccadelenin yaln\u0131zca madde ba\u011f\u0131ml\u0131l\u0131\u011f\u0131 ile s\u0131n\u0131rl\u0131 olmad\u0131\u011f\u0131na dikkat \u00e7ekilerek, \u00f6zellikle dijital ba\u011f\u0131ml\u0131l\u0131kla m\u00fccadele konusunda y\u00fcr\u00fct\u00fclen \u00e7al\u0131\u015fmalar hakk\u0131nda bilgi verildi. Ye\u015filay Mu\u011fla \u0130l Ba\u015fkan\u0131 \u015eenol \u015eeng\u00fcr, toplum sa\u011fl\u0131\u011f\u0131 a\u00e7\u0131s\u0131ndan aile yap\u0131s\u0131n\u0131n \u00f6nemine vurgu yaparak dijital ba\u011f\u0131ml\u0131l\u0131kla erken ya\u015fta m\u00fccadelenin gereklili\u011fine dikkat \u00e7ekti.<br \/>\n<br \/>Kaymakam Nurullah Kaya ise yapt\u0131\u011f\u0131 konu\u015fmada, ba\u011f\u0131ml\u0131l\u0131kla m\u00fccadelenin t\u00fcm toplum kesimlerinin ortak sorumlulu\u011fu oldu\u011funu belirterek, &#8220;Hepimiz \u0130\u00e7in Ba\u011f\u0131ms\u0131z Gelecek&#8221; projesinin \u00e7ocuk ve gen\u00e7lerin sa\u011fl\u0131kl\u0131, bilin\u00e7li ve ba\u011f\u0131ml\u0131l\u0131klardan uzak bireyler olarak yeti\u015fmesini hedefleyen kapsaml\u0131 bir \u00e7al\u0131\u015fma oldu\u011funu s\u00f6yledi.<br \/>\n<br \/>Projenin yaln\u0131zca akademik ba\u015far\u0131y\u0131 de\u011fil, \u00f6\u011frencilerin sosyal, k\u00fclt\u00fcrel ve sportif geli\u015fimini de destekledi\u011fini kaydeden Kaya, sporun birle\u015ftirici g\u00fcc\u00fcyle d\u00fczenlenen masa tenisi turnuvalar\u0131n\u0131n gen\u00e7leri sa\u011fl\u0131kl\u0131 ya\u015fam al\u0131\u015fkanl\u0131klar\u0131na y\u00f6nlendirdi\u011fini ifade etti.<br \/>\n<br \/>2024-2025 e\u011fitim \u00f6\u011fretim y\u0131l\u0131nda il\u00e7ede ba\u015far\u0131yla uygulanan proje kapsam\u0131nda binlerce \u00f6\u011frenciye ula\u015f\u0131ld\u0131\u011f\u0131n\u0131 belirten Kaymakam Kaya, 2025-2026 e\u011fitim \u00f6\u011fretim y\u0131l\u0131 itibar\u0131yla liselerin de projeye dahil edildi\u011fini ve daha geni\u015f bir kitleye ula\u015f\u0131lmas\u0131n\u0131n hedeflendi\u011fini dile getirdi.<br \/>\n<br \/>Toplant\u0131da ayr\u0131ca, turnuva finalinin ard\u0131ndan 15 May\u0131s\u2019ta G\u00fcn\u00fccek Milli Park\u0131\u2019nda d\u00fczenlenmesi planlanan gen\u00e7lik \u015f\u00f6leni hakk\u0131nda da kat\u0131l\u0131mc\u0131lara bilgi verildi.<br \/><\/p>\n","protected":false},"excerpt":{"rendered":"<p>Mu\u011fla\u2019n\u0131n Marmaris il\u00e7esinde &#8220;Hepimiz \u0130\u00e7in Ba\u011f\u0131ms\u0131z Gelecek&#8221; projesi kapsam\u0131nda ortaokul ve lise \u00f6\u011frencilerine y\u00f6nelik masa tenisi turnuvas\u0131 d\u00fczenlenecek. Ortaokullar aras\u0131 m\u00fcsabakalar 4-8 May\u0131s, liseler aras\u0131 m\u00fcsabakalar ise 8-10 May\u0131s tarihleri aras\u0131nda ger\u00e7ekle\u015ftirilecek. Turnuva \u00f6ncesinde \u0130\u00e7meler\u2019de bir tesiste d\u00fczenlenen tan\u0131t\u0131m toplant\u0131s\u0131na Ye\u015filay Mu\u011fla \u0130l Ba\u015fkan\u0131 \u015eenol \u015eeng\u00fcr, \u0130l\u00e7e Milli E\u011fitim M\u00fcd\u00fcr\u00fc Serap Aksel, Gen\u00e7lik ve Spor&#8230;<\/p>\n","protected":false},"author":1,"featured_media":99474,"comment_status":"open","ping_status":"open","sticky":false,"template":"","format":"standard","meta":{"_crdt_document":"","footnotes":""},"categories":[4],"tags":[],"class_list":["post-99473","post","type-post","status-publish","format-standard","has-post-thumbnail","hentry","category-spor"],"_links":{"self":[{"href":"https:\/\/www.egemtv.com\/index.php?rest_route=\/wp\/v2\/posts\/99473","targetHints":{"allow":["GET"]}}],"collection":[{"href":"https:\/\/www.egemtv.com\/index.php?rest_route=\/wp\/v2\/posts"}],"about":[{"href":"https:\/\/www.egemtv.com\/index.php?rest_route=\/wp\/v2\/types\/post"}],"author":[{"embeddable":true,"href":"https:\/\/www.egemtv.com\/index.php?rest_route=\/wp\/v2\/users\/1"}],"replies":[{"embeddable":true,"href":"https:\/\/www.egemtv.com\/index.php?rest_route=%2Fwp%2Fv2%2Fcomments&post=99473"}],"version-history":[{"count":1,"href":"https:\/\/www.egemtv.com\/index.php?rest_route=\/wp\/v2\/posts\/99473\/revisions"}],"predecessor-version":[{"id":99475,"href":"https:\/\/www.egemtv.com\/index.php?rest_route=\/wp\/v2\/posts\/99473\/revisions\/99475"}],"wp:featuredmedia":[{"embeddable":true,"href":"https:\/\/www.egemtv.com\/index.php?rest_route=\/wp\/v2\/media\/99474"}],"wp:attachment":[{"href":"https:\/\/www.egemtv.com\/index.php?rest_route=%2Fwp%2Fv2%2Fmedia&parent=99473"}],"wp:term":[{"taxonomy":"category","embeddable":true,"href":"https:\/\/www.egemtv.com\/index.php?rest_route=%2Fwp%2Fv2%2Fcategories&post=99473"},{"taxonomy":"post_tag","embeddable":true,"href":"https:\/\/www.egemtv.com\/index.php?rest_route=%2Fwp%2Fv2%2Ftags&post=99473"}],"curies":[{"name":"wp","href":"https:\/\/api.w.org\/{rel}","templated":true}]}}