{"id":99470,"date":"2026-04-28T14:40:47","date_gmt":"2026-04-28T11:40:47","guid":{"rendered":"https:\/\/www.egemtv.com\/?p=99470"},"modified":"2026-04-28T14:40:48","modified_gmt":"2026-04-28T11:40:48","slug":"izmir-cumhuriyet-bassavciligindan-anlamli-canakkale-programi","status":"publish","type":"post","link":"https:\/\/www.egemtv.com\/?p=99470","title":{"rendered":"\u0130zmir Cumhuriyet Ba\u015fsavc\u0131l\u0131\u011f\u0131ndan anlaml\u0131 \u00c7anakkale program\u0131"},"content":{"rendered":"<p>\u0130zmir Cumhuriyet Ba\u015fsavc\u0131l\u0131\u011f\u0131 ve \u0130zmir Gen\u00e7lik ve Spor \u0130l M\u00fcd\u00fcrl\u00fc\u011f\u00fc i\u015f birli\u011fiyle, \u00c7anakkale Kara Sava\u015flar\u0131\u2019n\u0131n 111. y\u0131l d\u00f6n\u00fcm\u00fc dolay\u0131s\u0131yla \u00c7anakkale\u2019ye gezi program\u0131 ger\u00e7ekle\u015ftirildi.<br \/>\n<br \/>Bir Destand\u0131r \u00c7anakkale ad\u0131 verilen organizasyona \u0130zmir Cumhuriyet Ba\u015fsavc\u0131l\u0131\u011f\u0131 b\u00fcnyesinde g\u00f6rev yapan denetimli serbestlik m\u00fcd\u00fcrl\u00fc\u011f\u00fc, ceza infaz kurumlar\u0131 ve adliye personelinin ortaokul ve lise \u00e7a\u011f\u0131ndaki \u00e7ocuklar\u0131 kat\u0131ld\u0131. Gezide ayr\u0131ca \u015fehit ile gazi yak\u0131nlar\u0131, engelli bireyler ve dezavantajl\u0131 gruplarda yer alan vatanda\u015flar da yer ald\u0131. Geziye kat\u0131lan bir infaz koruma memuru, organizasyonda eme\u011fi ge\u00e7en yetkililere te\u015fekk\u00fcr ederek, &#8220;Sayelerinde \u00c7anakkale ruhunu, m\u00fccadelenin ya\u015fand\u0131\u011f\u0131 topraklarda yak\u0131ndan tan\u0131ma ve \u015fehitlerimize dua etme f\u0131rsat\u0131 bulduk. Ailece g\u00f6rd\u00fc\u011f\u00fcm\u00fcz ve dinledi\u011fimiz her \u015feyden \u00e7ok etkilendik, \u00e7ok mutlu olduk.&#8221; dedi. Etkinli\u011fe kat\u0131lan bir ba\u015fka infaz koruma memuru \u00e7ok g\u00fczel bir g\u00fcn ge\u00e7irdiklerini ve o\u011flunun mutlulu\u011funu kelimelerle anlatmas\u0131n\u0131n m\u00fcmk\u00fcn olmad\u0131\u011f\u0131n\u0131 ifade ederken, denetimli serbestlik m\u00fcd\u00fcrl\u00fc\u011f\u00fc memurlar\u0131 da sa\u011flanan imkanlardan dolay\u0131 yetkililere te\u015fekk\u00fcrlerini sunarak ailece g\u00fczel bir hafta sonu ge\u00e7irdiklerini s\u00f6yledi.<br \/><\/p>\n","protected":false},"excerpt":{"rendered":"<p>\u0130zmir Cumhuriyet Ba\u015fsavc\u0131l\u0131\u011f\u0131 ve \u0130zmir Gen\u00e7lik ve Spor \u0130l M\u00fcd\u00fcrl\u00fc\u011f\u00fc i\u015f birli\u011fiyle, \u00c7anakkale Kara Sava\u015flar\u0131\u2019n\u0131n 111. y\u0131l d\u00f6n\u00fcm\u00fc dolay\u0131s\u0131yla \u00c7anakkale\u2019ye gezi program\u0131 ger\u00e7ekle\u015ftirildi. Bir Destand\u0131r \u00c7anakkale ad\u0131 verilen organizasyona \u0130zmir Cumhuriyet Ba\u015fsavc\u0131l\u0131\u011f\u0131 b\u00fcnyesinde g\u00f6rev yapan denetimli serbestlik m\u00fcd\u00fcrl\u00fc\u011f\u00fc, ceza infaz kurumlar\u0131 ve adliye personelinin ortaokul ve lise \u00e7a\u011f\u0131ndaki \u00e7ocuklar\u0131 kat\u0131ld\u0131. Gezide ayr\u0131ca \u015fehit ile gazi&#8230;<\/p>\n","protected":false},"author":1,"featured_media":99471,"comment_status":"open","ping_status":"open","sticky":false,"template":"","format":"standard","meta":{"_crdt_document":"","footnotes":""},"categories":[1],"tags":[],"class_list":["post-99470","post","type-post","status-publish","format-standard","has-post-thumbnail","hentry","category-guncel"],"_links":{"self":[{"href":"https:\/\/www.egemtv.com\/index.php?rest_route=\/wp\/v2\/posts\/99470","targetHints":{"allow":["GET"]}}],"collection":[{"href":"https:\/\/www.egemtv.com\/index.php?rest_route=\/wp\/v2\/posts"}],"about":[{"href":"https:\/\/www.egemtv.com\/index.php?rest_route=\/wp\/v2\/types\/post"}],"author":[{"embeddable":true,"href":"https:\/\/www.egemtv.com\/index.php?rest_route=\/wp\/v2\/users\/1"}],"replies":[{"embeddable":true,"href":"https:\/\/www.egemtv.com\/index.php?rest_route=%2Fwp%2Fv2%2Fcomments&post=99470"}],"version-history":[{"count":1,"href":"https:\/\/www.egemtv.com\/index.php?rest_route=\/wp\/v2\/posts\/99470\/revisions"}],"predecessor-version":[{"id":99472,"href":"https:\/\/www.egemtv.com\/index.php?rest_route=\/wp\/v2\/posts\/99470\/revisions\/99472"}],"wp:featuredmedia":[{"embeddable":true,"href":"https:\/\/www.egemtv.com\/index.php?rest_route=\/wp\/v2\/media\/99471"}],"wp:attachment":[{"href":"https:\/\/www.egemtv.com\/index.php?rest_route=%2Fwp%2Fv2%2Fmedia&parent=99470"}],"wp:term":[{"taxonomy":"category","embeddable":true,"href":"https:\/\/www.egemtv.com\/index.php?rest_route=%2Fwp%2Fv2%2Fcategories&post=99470"},{"taxonomy":"post_tag","embeddable":true,"href":"https:\/\/www.egemtv.com\/index.php?rest_route=%2Fwp%2Fv2%2Ftags&post=99470"}],"curies":[{"name":"wp","href":"https:\/\/api.w.org\/{rel}","templated":true}]}}