{"id":99464,"date":"2026-04-28T13:30:59","date_gmt":"2026-04-28T10:30:59","guid":{"rendered":"https:\/\/www.egemtv.com\/?p=99464"},"modified":"2026-04-28T13:31:00","modified_gmt":"2026-04-28T10:31:00","slug":"aydin-genelinde-es-zamanli-yol-calismalari-suruyor","status":"publish","type":"post","link":"https:\/\/www.egemtv.com\/?p=99464","title":{"rendered":"Ayd\u0131n genelinde e\u015f zamanl\u0131 yol \u00e7al\u0131\u015fmalar\u0131 s\u00fcr\u00fcyor"},"content":{"rendered":"<p>Ayd\u0131n B\u00fcy\u00fck\u015fehir Belediyesi taraf\u0131ndan kent genelinde yol yap\u0131m, bak\u0131m ve onar\u0131m \u00e7al\u0131\u015fmalar\u0131 e\u015f zamanl\u0131 olarak devam ederken, y\u00fcr\u00fct\u00fclen \u00e7al\u0131\u015fmalarla bir\u00e7ok il\u00e7ede ula\u015f\u0131m altyap\u0131s\u0131 g\u00fc\u00e7lendiriliyor.<\/p>\n<p>Ayd\u0131n B\u00fcy\u00fck\u015fehir Belediyesi Fen \u0130\u015fleri Dairesi Ba\u015fkanl\u0131\u011f\u0131 kent genelinde yol yap\u0131m, bak\u0131m, onar\u0131m ve d\u00fczenleme \u00e7al\u0131\u015fmalar\u0131n\u0131 s\u00fcrd\u00fcr\u00fcyor. Ayd\u0131n\u2019\u0131n t\u00fcm il\u00e7elerinde, onlarca farkl\u0131 noktada Ayd\u0131n B\u00fcy\u00fck\u015fehir Belediye Ba\u015fkan\u0131 \u00d6zlem \u00c7er\u00e7io\u011flu\u2019nun \u00f6nc\u00fcl\u00fc\u011f\u00fcnde y\u00fcr\u00fct\u00fclen \u00e7al\u0131\u015fmalarla kentin ula\u015f\u0131m altyap\u0131s\u0131 g\u00fc\u00e7leniyor. \u00c7al\u0131\u015fmalar g\u00fcncel olarak; Bozdo\u011fan il\u00e7esinde Alamut, D\u00fcmen ve Ziyaretli Mahallelerinde, Efeler il\u00e7esinde Kemer Mezarl\u0131\u011f\u0131\u2019nda, Pa\u015fa Yaylas\u0131\u2019nda, A1 kanal yolunda,  G\u00fcneydo\u011fu Otoyol, Fidanl\u0131k ve \u015eehit Deniz Astsubay \u00d6zg\u00fcr Kahraman Caddelerinde, Bat\u0131 Ayd\u0131n, Do\u011fu Ayd\u0131n, Sabahattin Ali  ve Zeytin Dal\u0131 Bulvarlar\u0131nda, Do\u011fank\u00f6y, Emirdo\u011fan, A\u015fa\u011f\u0131 Kayac\u0131k ve Kalfak\u00f6y Mahallelerinde, Didim il\u00e7esinde A\u015f\u0131k Veysel ve 1001. Caddelerde,  Adnan Menderes Bulvar\u0131\u2019nda ve Akb\u00fck Mahallesi\u2019nde, Nazilli il\u00e7esinde H\u00fcrriyet Caddesi\u2019nde, Haydarl\u0131, Dereba\u015f\u0131, Arslanl\u0131, Ovac\u0131k ve Do\u011fandere Mahallelerinde, S\u00f6ke il\u00e7esinde Fatih Caddesi\u2019nde, A\u011fa\u00e7l\u0131, Atburgaz\u0131, Kemalpa\u015fa, Argavl\u0131 ve Do\u011fanbey Mahallelerinde, Yenipazar il\u00e7esinde \u0130lyas Caddesi\u2019nde ve Alio\u011fullar\u0131 Mahallesi\u2019nde, Buharkent il\u00e7esinde Savc\u0131ll\u0131 Mahallesi\u2019nde, Germencik il\u00e7esinde Turanlar, Habibler, Naipli ve \u00c7ar\u0131klar Mahallelerinde, K\u00f6\u015fk il\u00e7esinde Il\u0131da\u011f ve Uzundere Mahallelerinde, Karacasu il\u00e7esinde Fatih R\u00fc\u015ft\u00fc Caddesi\u2019nde, Karaba\u011flar ve Hac\u0131h\u0131d\u0131rlar Mahallelerinde, Kuyucak il\u00e7esinde Vatan Caddesi\u2019nde ve Ta\u015foluk Mahallesi\u2019nde,  Sultanhisar il\u00e7esinde Malga\u00e7emir ve Salavatl\u0131 Mahallelerinde, Ku\u015fadas\u0131 il\u00e7esinde 3538. ve Vatan Caddelerinde, \u0130ncirliova il\u00e7esinde Acarlar ve Sand\u0131kl\u0131 Mahalleleri aras\u0131nda bulunan kanal yolunda, Arzular, Halilbeyli, Karaba\u011f, \u00c7ulhalar ve Evsekler Mahallelerinde,  K\u00f6\u015fk il\u00e7esinde Uzundere Mahallesi\u2019nde, \u00c7ine il\u00e7esinde G\u00f6kyaka ve Kav\u015fit Mahallelerinde ve Karpuzlu il\u00e7esinde \u015eenk\u00f6y Mahallesi\u2019nde e\u015f zamanl\u0131 olarak y\u00fcr\u00fct\u00fcl\u00fcyor. B\u00f6lgelerde yol y\u00fczeyleri yenilenirken, trafik g\u00fcvenli\u011finin art\u0131r\u0131lmas\u0131na y\u00f6nelik uygulamalar da ger\u00e7ekle\u015ftiriliyor.<\/p>\n<p>Ayd\u0131n B\u00fcy\u00fck\u015fehir Belediye Ba\u015fkan\u0131 \u00d6zlem \u00c7er\u00e7io\u011flu, kent genelinde \u00e7al\u0131\u015fmalar\u0131n devam edece\u011fini belirterek, &#8220;Kentimizin d\u00f6rt bir yan\u0131nda \u00e7al\u0131\u015fma ve projelerimizi hem\u015fehrilerimizle bulu\u015fturmaya devam ediyoruz. \u00c7al\u0131\u015fmalar\u0131m\u0131za her ge\u00e7en g\u00fcn yenilerini ekliyor, Ayd\u0131n\u0131m\u0131z i\u00e7in \u00e7al\u0131\u015f\u0131yoruz. Yat\u0131r\u0131mlar\u0131m\u0131za devam edece\u011fiz. Hizmetle b\u00fcy\u00fcyen Ayd\u0131n&#8221; ifadelerini kulland\u0131.<br \/><\/p>\n","protected":false},"excerpt":{"rendered":"<p>Ayd\u0131n B\u00fcy\u00fck\u015fehir Belediyesi taraf\u0131ndan kent genelinde yol yap\u0131m, bak\u0131m ve onar\u0131m \u00e7al\u0131\u015fmalar\u0131 e\u015f zamanl\u0131 olarak devam ederken, y\u00fcr\u00fct\u00fclen \u00e7al\u0131\u015fmalarla bir\u00e7ok il\u00e7ede ula\u015f\u0131m altyap\u0131s\u0131 g\u00fc\u00e7lendiriliyor. Ayd\u0131n B\u00fcy\u00fck\u015fehir Belediyesi Fen \u0130\u015fleri Dairesi Ba\u015fkanl\u0131\u011f\u0131 kent genelinde yol yap\u0131m, bak\u0131m, onar\u0131m ve d\u00fczenleme \u00e7al\u0131\u015fmalar\u0131n\u0131 s\u00fcrd\u00fcr\u00fcyor. Ayd\u0131n\u2019\u0131n t\u00fcm il\u00e7elerinde, onlarca farkl\u0131 noktada Ayd\u0131n B\u00fcy\u00fck\u015fehir Belediye Ba\u015fkan\u0131 \u00d6zlem \u00c7er\u00e7io\u011flu\u2019nun \u00f6nc\u00fcl\u00fc\u011f\u00fcnde y\u00fcr\u00fct\u00fclen&#8230;<\/p>\n","protected":false},"author":1,"featured_media":99465,"comment_status":"open","ping_status":"open","sticky":false,"template":"","format":"standard","meta":{"_crdt_document":"","footnotes":""},"categories":[1],"tags":[],"class_list":["post-99464","post","type-post","status-publish","format-standard","has-post-thumbnail","hentry","category-guncel"],"_links":{"self":[{"href":"https:\/\/www.egemtv.com\/index.php?rest_route=\/wp\/v2\/posts\/99464","targetHints":{"allow":["GET"]}}],"collection":[{"href":"https:\/\/www.egemtv.com\/index.php?rest_route=\/wp\/v2\/posts"}],"about":[{"href":"https:\/\/www.egemtv.com\/index.php?rest_route=\/wp\/v2\/types\/post"}],"author":[{"embeddable":true,"href":"https:\/\/www.egemtv.com\/index.php?rest_route=\/wp\/v2\/users\/1"}],"replies":[{"embeddable":true,"href":"https:\/\/www.egemtv.com\/index.php?rest_route=%2Fwp%2Fv2%2Fcomments&post=99464"}],"version-history":[{"count":1,"href":"https:\/\/www.egemtv.com\/index.php?rest_route=\/wp\/v2\/posts\/99464\/revisions"}],"predecessor-version":[{"id":99466,"href":"https:\/\/www.egemtv.com\/index.php?rest_route=\/wp\/v2\/posts\/99464\/revisions\/99466"}],"wp:featuredmedia":[{"embeddable":true,"href":"https:\/\/www.egemtv.com\/index.php?rest_route=\/wp\/v2\/media\/99465"}],"wp:attachment":[{"href":"https:\/\/www.egemtv.com\/index.php?rest_route=%2Fwp%2Fv2%2Fmedia&parent=99464"}],"wp:term":[{"taxonomy":"category","embeddable":true,"href":"https:\/\/www.egemtv.com\/index.php?rest_route=%2Fwp%2Fv2%2Fcategories&post=99464"},{"taxonomy":"post_tag","embeddable":true,"href":"https:\/\/www.egemtv.com\/index.php?rest_route=%2Fwp%2Fv2%2Ftags&post=99464"}],"curies":[{"name":"wp","href":"https:\/\/api.w.org\/{rel}","templated":true}]}}