{"id":99461,"date":"2026-04-28T13:30:57","date_gmt":"2026-04-28T10:30:57","guid":{"rendered":"https:\/\/www.egemtv.com\/?p=99461"},"modified":"2026-04-28T13:30:59","modified_gmt":"2026-04-28T10:30:59","slug":"midibusun-kamyona-arkadan-carptigi-kazada-3-kisi-yaralandi","status":"publish","type":"post","link":"https:\/\/www.egemtv.com\/?p=99461","title":{"rendered":"Midib\u00fcs\u00fcn kamyona arkadan \u00e7arpt\u0131\u011f\u0131 kazada 3 ki\u015fi yaraland\u0131"},"content":{"rendered":"<p>Afyonkarahisar\u2019da belediyeye ait yolcu ta\u015f\u0131mac\u0131l\u0131\u011f\u0131 yapan midib\u00fcs\u00fcn kamyona arkadan \u00e7arpmas\u0131 sonucu ya\u015fanan trafik kazas\u0131nda 3 ki\u015fi yaraland\u0131.<br \/>\n<br \/>Kaza, merkeze ba\u011fl\u0131 Gebeceler beldesi \u00e7\u0131k\u0131\u015f\u0131nda meydana geldi. Edinilen bilgilere g\u00f6re, Gebeceler Belediyesine ait yolcu ta\u015f\u0131mac\u0131l\u0131\u011f\u0131 yapan 03 VT 359 plakal\u0131 midib\u00fcs s\u00fcr\u00fcc\u00fcs\u00fcn\u00fcn hen\u00fcz belirlenemeyen bir sebepten \u00f6t\u00fcr\u00fc direksiyon hakimiyetini kaybetmesi sonucu \u00f6n\u00fcnde seyreden B.K.\u2019n\u0131n kulland\u0131\u011f\u0131 07 ANJ 380 plakal\u0131 kamyona arkadan \u00e7arpt\u0131. Kazada midib\u00fcste bulunan 3 yolcu yaraland\u0131. Yaral\u0131lar kaza sonras\u0131 \u00e7evredekilerin haber vermesi \u00fczerine b\u00f6lgeye gelen ambulanslarla hastanelere kald\u0131r\u0131ld\u0131. Yaral\u0131lar\u0131n sa\u011fl\u0131k durumlar\u0131n\u0131n iyi oldu\u011fu bildirildi.<br \/>\n<br \/>Kazan\u0131n ard\u0131ndan jandarma taraf\u0131ndan inceleme ba\u015flat\u0131ld\u0131.<br \/><\/p>\n","protected":false},"excerpt":{"rendered":"<p>Afyonkarahisar\u2019da belediyeye ait yolcu ta\u015f\u0131mac\u0131l\u0131\u011f\u0131 yapan midib\u00fcs\u00fcn kamyona arkadan \u00e7arpmas\u0131 sonucu ya\u015fanan trafik kazas\u0131nda 3 ki\u015fi yaraland\u0131. Kaza, merkeze ba\u011fl\u0131 Gebeceler beldesi \u00e7\u0131k\u0131\u015f\u0131nda meydana geldi. Edinilen bilgilere g\u00f6re, Gebeceler Belediyesine ait yolcu ta\u015f\u0131mac\u0131l\u0131\u011f\u0131 yapan 03 VT 359 plakal\u0131 midib\u00fcs s\u00fcr\u00fcc\u00fcs\u00fcn\u00fcn hen\u00fcz belirlenemeyen bir sebepten \u00f6t\u00fcr\u00fc direksiyon hakimiyetini kaybetmesi sonucu \u00f6n\u00fcnde seyreden B.K.\u2019n\u0131n kulland\u0131\u011f\u0131 07 ANJ&#8230;<\/p>\n","protected":false},"author":1,"featured_media":99462,"comment_status":"open","ping_status":"open","sticky":false,"template":"","format":"standard","meta":{"_crdt_document":"","footnotes":""},"categories":[5],"tags":[],"class_list":["post-99461","post","type-post","status-publish","format-standard","has-post-thumbnail","hentry","category-asayis"],"_links":{"self":[{"href":"https:\/\/www.egemtv.com\/index.php?rest_route=\/wp\/v2\/posts\/99461","targetHints":{"allow":["GET"]}}],"collection":[{"href":"https:\/\/www.egemtv.com\/index.php?rest_route=\/wp\/v2\/posts"}],"about":[{"href":"https:\/\/www.egemtv.com\/index.php?rest_route=\/wp\/v2\/types\/post"}],"author":[{"embeddable":true,"href":"https:\/\/www.egemtv.com\/index.php?rest_route=\/wp\/v2\/users\/1"}],"replies":[{"embeddable":true,"href":"https:\/\/www.egemtv.com\/index.php?rest_route=%2Fwp%2Fv2%2Fcomments&post=99461"}],"version-history":[{"count":1,"href":"https:\/\/www.egemtv.com\/index.php?rest_route=\/wp\/v2\/posts\/99461\/revisions"}],"predecessor-version":[{"id":99463,"href":"https:\/\/www.egemtv.com\/index.php?rest_route=\/wp\/v2\/posts\/99461\/revisions\/99463"}],"wp:featuredmedia":[{"embeddable":true,"href":"https:\/\/www.egemtv.com\/index.php?rest_route=\/wp\/v2\/media\/99462"}],"wp:attachment":[{"href":"https:\/\/www.egemtv.com\/index.php?rest_route=%2Fwp%2Fv2%2Fmedia&parent=99461"}],"wp:term":[{"taxonomy":"category","embeddable":true,"href":"https:\/\/www.egemtv.com\/index.php?rest_route=%2Fwp%2Fv2%2Fcategories&post=99461"},{"taxonomy":"post_tag","embeddable":true,"href":"https:\/\/www.egemtv.com\/index.php?rest_route=%2Fwp%2Fv2%2Ftags&post=99461"}],"curies":[{"name":"wp","href":"https:\/\/api.w.org\/{rel}","templated":true}]}}