{"id":99455,"date":"2026-04-28T13:30:55","date_gmt":"2026-04-28T10:30:55","guid":{"rendered":"https:\/\/www.egemtv.com\/?p=99455"},"modified":"2026-04-28T13:30:56","modified_gmt":"2026-04-28T10:30:56","slug":"aydinin-kayitli-isgucu-sayisi-100-bin-oldu","status":"publish","type":"post","link":"https:\/\/www.egemtv.com\/?p=99455","title":{"rendered":"Ayd\u0131n\u2019\u0131n kay\u0131tl\u0131 i\u015fg\u00fcc\u00fc say\u0131s\u0131 100 bin oldu"},"content":{"rendered":"<p>\u00dclke genelindeki \u00f6nemli tar\u0131m ve sanayi kentlerinden olan Ayd\u0131n\u2019da, kay\u0131tl\u0131 i\u015fg\u00fcc\u00fc say\u0131s\u0131 100 bin 640 oldu.<\/p>\n<p>Ayd\u0131n \u0130l \u0130stihdam Kurulu Mesleki E\u011fitim Kurulu Toplant\u0131s\u0131, Ayd\u0131n Valisi Yakup Canbolat ba\u015fkanl\u0131\u011f\u0131nda ger\u00e7ekle\u015ftirildi. Ayd\u0131n\u2019\u0131n, i\u015fg\u00fcc\u00fc istihdam ve mesleki e\u011fitim ihtiyac\u0131n\u0131 tespit etmek, mesleki ve teknik e\u011fitim okul ve kurumlar\u0131 ile i\u015fletmelerde yap\u0131lacak mesleki e\u011fitim ve istihdam konular\u0131nda etkinlik ve verimlili\u011fi art\u0131rmak amac\u0131yla d\u00fczenlenen Ayd\u0131n \u0130l \u0130stihdam Kurulu Mesleki E\u011fitim Kurulu Toplant\u0131s\u0131\u2019nda Ayd\u0131n genelindeki i\u015fg\u00fcc\u00fc say\u0131s\u0131 a\u00e7\u0131kland\u0131.<\/p>\n<p>Ocak 2026 verilerine g\u00f6re Ayd\u0131n genelinde toplam 33 bin 8 i\u015fyerinin 185 bin 107 \u00e7al\u0131\u015fan\u0131 bulunuyor. 0-9 aras\u0131 \u00e7al\u0131\u015fan\u0131 bulunan i\u015fyeri say\u0131s\u0131 29 bin 821 olurken, 10-49 aras\u0131 \u00e7al\u0131\u015fan\u0131 olan i\u015fyeri say\u0131s\u0131 2 bin 779, 50 ve \u00fczeri \u00e7al\u0131\u015fan\u0131 bulunan i\u015fyeri say\u0131s\u0131 ise 408 oldu. Ayd\u0131n\u2019\u0131n 2025 y\u0131l\u0131nda i\u015fg\u00fcc\u00fcne kat\u0131lma oran\u0131 y\u00fczde 52,9, istihdam oran\u0131 y\u00fczde 48,7 olarak ger\u00e7ekle\u015firken, i\u015fsizlik oran\u0131 ise y\u00fczde 8 oldu.<\/p>\n<p>2026 y\u0131l\u0131 Ocak ay\u0131 itibariyle 48 bin 506\u2019s\u0131 erkek, 52 bin 134\u2019\u00fc kad\u0131n olmak \u00fczere toplam 100 bin 640 kay\u0131tl\u0131 i\u015fg\u00fcc\u00fc bulunurken, 2026 Ocak-Mart d\u00f6neminde i\u015f bulma kurumuna kay\u0131tl\u0131 \u00f6zel sekt\u00f6r i\u015fyerlerinden toplam 6 bin 714 a\u00e7\u0131k i\u015f ilan\u0131 al\u0131n\u0131rken, Bu d\u00f6nemde 169\u2019u engelli olmak \u00fczere toplam 4 bin 158 i\u015f arayan\u0131n i\u015fverenlerle e\u015fle\u015fmesi sa\u011fland\u0131.<\/p>\n<p>2026 y\u0131l\u0131 Ocak-Mart d\u00f6neminde dan\u0131\u015fmanl\u0131k kapsam\u0131nda yap\u0131lan g\u00f6r\u00fc\u015fme say\u0131s\u0131 11 bin 757, \u00f6zel sekt\u00f6r i\u015fyeri ziyareti say\u0131s\u0131 bin 478 olarak ger\u00e7ekle\u015fti.<\/p>\n<p>Ayd\u0131n\u2019da 2026 Ocak-Mart d\u00f6neminde d\u00fczenlenen Aktif \u0130\u015fg\u00fcc\u00fc Program\u0131 \u00e7er\u00e7evesinde 79 adet \u0130\u015fba\u015f\u0131 E\u011fitim program\u0131ndan toplam 218 ki\u015fi faydalan\u0131rken, 18 adet Toplum Yarar\u0131na Program\u2019dan (TYP) toplam bin 40 ki\u015fi faydaland\u0131. Ayr\u0131ca Eyl\u00fcl 2024 itibariyle hayata ge\u00e7en \u0130\u015fg\u00fcc\u00fc Uyum Programlar\u0131 kapsam\u0131nda 22 ayr\u0131 programdan 478 ki\u015fi faydaland\u0131.<\/p>\n<p>284 milyon i\u015fsizlik \u00f6dene\u011fi yap\u0131ld\u0131<br \/>\n<br \/>Ayd\u0131n\u2019da 2026 y\u0131l\u0131 Ocak-Mart aylar\u0131 aras\u0131nda \u0130\u015fba\u015f\u0131 E\u011fitim Program\u0131 i\u00e7in 4 milyon 932 bin 758 TL, \u0130stihdam Garantili Kurs N\u0130YEP i\u00e7in 530 bin 354 TL, Toplum Yarar\u0131na Programlar i\u00e7in 19 milyon 669 bin 681 TL, \u0130\u015fg\u00fcc\u00fc Uyum Programlar\u0131 ve Gen\u00e7lik Programlar\u0131 i\u00e7in 52 milyon 329 bin 413 TL, K\u0130PAP Program\u0131 i\u00e7in 842 bin 952 TL olmak \u00fczere kurs ve programlar i\u00e7in toplamda 78 milyon 305 bin 160 TL \u00f6deme yap\u0131ld\u0131.<\/p>\n<p>\u0130\u015fsizlik Sigortas\u0131 Fonu \u00e7er\u00e7evesinde ise Ayd\u0131n\u2019da 2026 Ocak-Mart aylar\u0131 i\u00e7erisinde 8 bin 959 ki\u015fi i\u015fsizlik \u00f6dene\u011finden faydalan\u0131rken, bu ki\u015filere toplamda 284 milyon 760 bin 869 TL \u00f6deme yap\u0131ld\u0131. 27 ki\u015fi de yar\u0131m \u00e7al\u0131\u015fma \u00f6dene\u011finden faydalan\u0131rken, bu ki\u015filere de toplamda 488 bin 504 TL \u00f6deme yap\u0131ld\u0131.<br \/><\/p>\n","protected":false},"excerpt":{"rendered":"<p>\u00dclke genelindeki \u00f6nemli tar\u0131m ve sanayi kentlerinden olan Ayd\u0131n\u2019da, kay\u0131tl\u0131 i\u015fg\u00fcc\u00fc say\u0131s\u0131 100 bin 640 oldu. Ayd\u0131n \u0130l \u0130stihdam Kurulu Mesleki E\u011fitim Kurulu Toplant\u0131s\u0131, Ayd\u0131n Valisi Yakup Canbolat ba\u015fkanl\u0131\u011f\u0131nda ger\u00e7ekle\u015ftirildi. Ayd\u0131n\u2019\u0131n, i\u015fg\u00fcc\u00fc istihdam ve mesleki e\u011fitim ihtiyac\u0131n\u0131 tespit etmek, mesleki ve teknik e\u011fitim okul ve kurumlar\u0131 ile i\u015fletmelerde yap\u0131lacak mesleki e\u011fitim ve istihdam konular\u0131nda etkinlik&#8230;<\/p>\n","protected":false},"author":1,"featured_media":99456,"comment_status":"open","ping_status":"open","sticky":false,"template":"","format":"standard","meta":{"_crdt_document":"","footnotes":""},"categories":[125],"tags":[],"class_list":["post-99455","post","type-post","status-publish","format-standard","has-post-thumbnail","hentry","category-ekonomi"],"_links":{"self":[{"href":"https:\/\/www.egemtv.com\/index.php?rest_route=\/wp\/v2\/posts\/99455","targetHints":{"allow":["GET"]}}],"collection":[{"href":"https:\/\/www.egemtv.com\/index.php?rest_route=\/wp\/v2\/posts"}],"about":[{"href":"https:\/\/www.egemtv.com\/index.php?rest_route=\/wp\/v2\/types\/post"}],"author":[{"embeddable":true,"href":"https:\/\/www.egemtv.com\/index.php?rest_route=\/wp\/v2\/users\/1"}],"replies":[{"embeddable":true,"href":"https:\/\/www.egemtv.com\/index.php?rest_route=%2Fwp%2Fv2%2Fcomments&post=99455"}],"version-history":[{"count":1,"href":"https:\/\/www.egemtv.com\/index.php?rest_route=\/wp\/v2\/posts\/99455\/revisions"}],"predecessor-version":[{"id":99457,"href":"https:\/\/www.egemtv.com\/index.php?rest_route=\/wp\/v2\/posts\/99455\/revisions\/99457"}],"wp:featuredmedia":[{"embeddable":true,"href":"https:\/\/www.egemtv.com\/index.php?rest_route=\/wp\/v2\/media\/99456"}],"wp:attachment":[{"href":"https:\/\/www.egemtv.com\/index.php?rest_route=%2Fwp%2Fv2%2Fmedia&parent=99455"}],"wp:term":[{"taxonomy":"category","embeddable":true,"href":"https:\/\/www.egemtv.com\/index.php?rest_route=%2Fwp%2Fv2%2Fcategories&post=99455"},{"taxonomy":"post_tag","embeddable":true,"href":"https:\/\/www.egemtv.com\/index.php?rest_route=%2Fwp%2Fv2%2Ftags&post=99455"}],"curies":[{"name":"wp","href":"https:\/\/api.w.org\/{rel}","templated":true}]}}