{"id":99452,"date":"2026-04-28T13:30:54","date_gmt":"2026-04-28T10:30:54","guid":{"rendered":"https:\/\/www.egemtv.com\/?p=99452"},"modified":"2026-04-28T13:30:55","modified_gmt":"2026-04-28T10:30:55","slug":"tavsanli-uygulamali-bilimler-fakultesi-bunyesinde-uygulama-restorani-acildi","status":"publish","type":"post","link":"https:\/\/www.egemtv.com\/?p=99452","title":{"rendered":"Tav\u015fanl\u0131 Uygulamal\u0131 Bilimler Fak\u00fcltesi b\u00fcnyesinde Uygulama Restoran\u0131 a\u00e7\u0131ld\u0131"},"content":{"rendered":"<p>K\u00fctahya Dumlup\u0131nar \u00dcniversitesi (DP\u00dc) Tav\u015fanl\u0131 Uygulamal\u0131 Bilimler Fak\u00fcltesi b\u00fcnyesinde hayata ge\u00e7irilen Uygulama Restoran\u0131, d\u00fczenlenen g\u00f6rkemli bir t\u00f6renle hizmete girdi. \u00d6\u011frencilerin teorik e\u011fitimlerini prati\u011fe d\u00f6n\u00fc\u015ft\u00fcrece\u011fi merkez, il\u00e7enin gastronomi alan\u0131ndaki e\u011fitim kalitesini bir \u00fcst seviyeye ta\u015f\u0131yacak.<br \/>\n<br \/>Tav\u015fanl\u0131 Uygulamal\u0131 Bilimler Fak\u00fcltesi taraf\u0131ndan hayata ge\u00e7irilen projenin a\u00e7\u0131l\u0131\u015f program\u0131na; K\u00fctahya Milletvekili Mehmet Demir, DP\u00dc Rekt\u00f6r\u00fc Prof. Dr. S\u00fcleyman K\u0131z\u0131ltoprak, Tav\u015fanl\u0131 Belediye Ba\u015fkan Yard\u0131mc\u0131s\u0131 Aziz Solmaz, Tav\u015fanl\u0131 Meslek Y\u00fcksekokulu M\u00fcd\u00fcr\u00fc Prof. Dr. \u0130smet \u00c7elik, Tav\u015fanl\u0131 \u0130l\u00e7e Mill\u00ee E\u011fitim M\u00fcd\u00fcr\u00fc Ra\u015fit Refik K\u00fc\u00e7\u00fckka\u011fn\u0131c\u0131, Ticaret ve Sanayi Odas\u0131 Meclis Ba\u015fkan\u0131 \u0130lhami Ayd\u0131n ve il\u00e7e protokol\u00fc kat\u0131ld\u0131.<br \/>\n<br \/>A\u00e7\u0131l\u0131\u015f kurdelesinin kesilmesinin ard\u0131ndan protokol \u00fcyeleri restoranda incelemelerde bulundu. Programda yap\u0131lan konu\u015fmalarda, mesleki ve uygulamal\u0131 e\u011fitimin sekt\u00f6rdeki \u00f6nemi vurguland\u0131. Bu t\u00fcr yat\u0131r\u0131mlar\u0131n, \u00f6\u011frencilerin mezuniyet sonras\u0131 i\u015f d\u00fcnyas\u0131na haz\u0131r hale gelmelerinde kritik rol oynad\u0131\u011f\u0131 belirtilirken, Uygulama Restoran\u0131\u2019n\u0131n hem akademik s\u00fcrece hem de yerel gastronomi k\u00fclt\u00fcr\u00fcne \u00f6nemli katk\u0131lar sunaca\u011f\u0131 ifade edildi.<br \/>\n<br \/>\u00d6\u011frencilerin mutfak ve servis s\u00fcre\u00e7lerinde aktif rol alaca\u011f\u0131 restoran\u0131n modern donan\u0131m\u0131 kat\u0131l\u0131mc\u0131lardan tam not ald\u0131.<br \/>\n<br \/>Tav\u015fanl\u0131 \u0130l\u00e7e Mill\u00ee E\u011fitim M\u00fcd\u00fcr\u00fc Ra\u015fit Refik K\u00fc\u00e7\u00fckka\u011fn\u0131c\u0131 da a\u00e7\u0131l\u0131\u015f sonras\u0131 yapt\u0131\u011f\u0131 de\u011ferlendirmede, e\u011fitime ve \u00f6\u011frencilerin geli\u015fimine katk\u0131 sa\u011flayan bu k\u0131ymetli yat\u0131r\u0131m\u0131n il\u00e7e i\u00e7in hay\u0131rl\u0131 olmas\u0131n\u0131 dileyerek, eme\u011fi ge\u00e7en t\u00fcm kurum ve ki\u015filere te\u015fekk\u00fcr etti.<br \/>\n<br \/>T\u00f6ren, Uygulama Restoran\u0131\u2019nda haz\u0131rlanan ilk sunumlar\u0131n ikram edilmesi ve g\u00fcn\u00fcn an\u0131s\u0131na \u00e7ekilen toplu foto\u011fraf ile sona erdi.<br \/><\/p>\n","protected":false},"excerpt":{"rendered":"<p>K\u00fctahya Dumlup\u0131nar \u00dcniversitesi (DP\u00dc) Tav\u015fanl\u0131 Uygulamal\u0131 Bilimler Fak\u00fcltesi b\u00fcnyesinde hayata ge\u00e7irilen Uygulama Restoran\u0131, d\u00fczenlenen g\u00f6rkemli bir t\u00f6renle hizmete girdi. \u00d6\u011frencilerin teorik e\u011fitimlerini prati\u011fe d\u00f6n\u00fc\u015ft\u00fcrece\u011fi merkez, il\u00e7enin gastronomi alan\u0131ndaki e\u011fitim kalitesini bir \u00fcst seviyeye ta\u015f\u0131yacak. Tav\u015fanl\u0131 Uygulamal\u0131 Bilimler Fak\u00fcltesi taraf\u0131ndan hayata ge\u00e7irilen projenin a\u00e7\u0131l\u0131\u015f program\u0131na; K\u00fctahya Milletvekili Mehmet Demir, DP\u00dc Rekt\u00f6r\u00fc Prof. Dr. S\u00fcleyman K\u0131z\u0131ltoprak, Tav\u015fanl\u0131&#8230;<\/p>\n","protected":false},"author":1,"featured_media":99453,"comment_status":"open","ping_status":"open","sticky":false,"template":"","format":"standard","meta":{"_crdt_document":"","footnotes":""},"categories":[1],"tags":[],"class_list":["post-99452","post","type-post","status-publish","format-standard","has-post-thumbnail","hentry","category-guncel"],"_links":{"self":[{"href":"https:\/\/www.egemtv.com\/index.php?rest_route=\/wp\/v2\/posts\/99452","targetHints":{"allow":["GET"]}}],"collection":[{"href":"https:\/\/www.egemtv.com\/index.php?rest_route=\/wp\/v2\/posts"}],"about":[{"href":"https:\/\/www.egemtv.com\/index.php?rest_route=\/wp\/v2\/types\/post"}],"author":[{"embeddable":true,"href":"https:\/\/www.egemtv.com\/index.php?rest_route=\/wp\/v2\/users\/1"}],"replies":[{"embeddable":true,"href":"https:\/\/www.egemtv.com\/index.php?rest_route=%2Fwp%2Fv2%2Fcomments&post=99452"}],"version-history":[{"count":1,"href":"https:\/\/www.egemtv.com\/index.php?rest_route=\/wp\/v2\/posts\/99452\/revisions"}],"predecessor-version":[{"id":99454,"href":"https:\/\/www.egemtv.com\/index.php?rest_route=\/wp\/v2\/posts\/99452\/revisions\/99454"}],"wp:featuredmedia":[{"embeddable":true,"href":"https:\/\/www.egemtv.com\/index.php?rest_route=\/wp\/v2\/media\/99453"}],"wp:attachment":[{"href":"https:\/\/www.egemtv.com\/index.php?rest_route=%2Fwp%2Fv2%2Fmedia&parent=99452"}],"wp:term":[{"taxonomy":"category","embeddable":true,"href":"https:\/\/www.egemtv.com\/index.php?rest_route=%2Fwp%2Fv2%2Fcategories&post=99452"},{"taxonomy":"post_tag","embeddable":true,"href":"https:\/\/www.egemtv.com\/index.php?rest_route=%2Fwp%2Fv2%2Ftags&post=99452"}],"curies":[{"name":"wp","href":"https:\/\/api.w.org\/{rel}","templated":true}]}}